{"id":668141,"date":"2026-07-20T16:23:14","date_gmt":"2026-07-20T16:23:14","guid":{"rendered":"https:\/\/www.europesays.com\/es\/668141\/"},"modified":"2026-07-20T16:23:14","modified_gmt":"2026-07-20T16:23:14","slug":"tour-de-francia-isaac-del-toro-objetivo-el-podio-esciclismo","status":"publish","type":"post","link":"https:\/\/www.europesays.com\/es\/668141\/","title":{"rendered":"Tour de Francia: Isaac del Toro, objetivo el podio &#8211; Esciclismo"},"content":{"rendered":"<ol>\n<li><a href=\"https:\/\/news.google.com\/rss\/articles\/CBMiakFVX3lxTE9QY3MzOEZ2MEI0TGxXN2FjNlRUMFZuUWpvWDc2UFBDX1MwX04yMTZ6QmExV212N00xaXRVN2p1c21MMVBmYzE3dzJITjIycW5Gc1JsUVplXzJpM0RzVnpPREZkR193aE0yVEE?oc=5\" target=\"_blank\" rel=\"nofollow noopener\">Tour de Francia: Isaac del Toro, objetivo el podio<\/a>&nbsp;&nbsp;Esciclismo<\/li>\n<li><a href=\"https:\/\/news.google.com\/rss\/articles\/CBMingFBVV95cUxOSTh0OE03ZXFKcjNycG1mS2cteHdQalAwblNPMVBQUW9PaFY0RVhPVmYwZHRwUzV5aVVuSWxmUXU5TkhQRnVhNWoxR29hLTNrcmI3OTlKaWFRNWVpM2h3NVpTeW1vTzRWS0puZHNNeHBlZG5MSERxR3NMZm1acnZCMEZJOXJ0bkJiYmRuRXlRbFNMaTFHYUR3TFVkZktnUdIBngFBVV95cUxNVmF1b2Izemg0aC1QY2MzYTAtTU1qcFZFaGFtSjdkNTdjbGMyZGVCNFpoZXJYTFZYeUpHMkFzUTBpeHBBUHVmLVVMVjc4WVZKQnZUNVV3S0l6cG5XNTY4QVRBN1pXUEVpcHgtMG5tNDhmMzVQQUpYMXUzWUlXbjVMMU92TFlrRWN5UlhoZ1gxb1RjVjkwNmw2M20wa1FwQQ?oc=5\" target=\"_blank\" rel=\"nofollow noopener\">Seis aspirantes por sus migajas y el aviso de Pogacar sobre Seixas: \u00abProt\u00e9janle y pronto brillar\u00e1\u00bb<\/a>&nbsp;&nbsp;El Mundo<\/li>\n<li><a href=\"https:\/\/news.google.com\/rss\/articles\/CBMihgFBVV95cUxOcWhKSkprRHd4MVhKUFQ0NkRIUUQtX0FpQlNHUXJpbVI5eVFrRWZ6S012ZnFMaWF6eTRPcFlhcVpnUWUyRTh4OVdFd3dCYm5qdThaTW9ZN0k2UEx3cG81TXRrYkRzR0E0cE1EaF9fOHdfaVRrMV83UVp6WlQ0dE5EYm9VeGhUQQ?oc=5\" target=\"_blank\" rel=\"nofollow noopener\">Del Toro, objetivo el podio<\/a>&nbsp;&nbsp;MSN<\/li>\n<li><a href=\"https:\/\/news.google.com\/rss\/articles\/CBMi6gFBVV95cUxOVnRmZ2trNkJZOWVVcDNJQTk5anBYZXBmdGFfc2gyOHdvRzRHSENMT1psa3JpWUFSSnlDYUxHUDZwNEtFV05kLW5zNHVRVmZ6S0Q5d0ZSbG5VMTdCWnNZOGFpUWFYam1YRjYtRENjUlVRMUM4Vzd3cG9vWmJwd3R2bXR2dGNnS2dfNXVvX1VSQnBnUFBKWGdTWGlXN0l1d3kzSEZDRkUzeDlSTlZ3bm5ENkZlQ2NNX1c3bHlvZmpvM0tUSmJEQWpuanZFQUNYNEdzY3V4S21wcWRnVE84TEVTS0ZXRm9DeUZuaXfSAe8BQVVfeXFMUGxvRm1hMnJ1YUZ5bXlWeDJ1X1lyVW9YQzNGNDIwX3Fid1AyY3ZZWnVHazN0MURYMkowcWlvaXA1WmtIaHZKek1VR2FZbzRteDZlT1lVam9UNWFLSzlOQmdMakg1QkY0QlNwVkVaQWgxSWtHcW9yNkNJMlVIeS03MF9TaEkzWGtkVlIyTkppLXYwd0EweG9iUXAwY21kZjMzcHNJSHhHSXBwNDhmSzRrNzBtdld6VURlYTJsRTMwTk1mclEzeTc0cjVITkktTzhhcWZSNXdwMWRlSWF2eDQ4c2xxOWExNlM4d3l6eUtuMFE?oc=5\" target=\"_blank\" rel=\"nofollow noopener\">Pogacar va de sobrado y se r\u00ede de Vingegaard en el Tour de Francia: \u201cNo le quise atacar antes&#8230;\u201d<\/a>&nbsp;&nbsp;Diario del Triatl\u00f3n<\/li>\n<li><a href=\"https:\/\/news.google.com\/rss\/articles\/CBMiogFBVV95cUxNNXhFcGFTQlRhWGM1c0NqdXlwSVFHZjl2TU9NLXVPOXUzY25RZkpmd0haTXdCUHY0YUtJbmVJazByS3hrTFVCVk1wTGtpQUREczJVUGd2UEd0RjFQck55NFhBenNRWjBWejI2azluTUpFeE56cjBkQm15MVhMM2JwRG5QS0lWb2NqWVZuR1Q3U1R5eGhoMDN0MnU4TGx3eEM1d0E?oc=5\" target=\"_blank\" rel=\"nofollow noopener\">Pogacar explic\u00f3 su t\u00e1ctica en el Tour: protegi\u00f3 a Del Toro<\/a>&nbsp;&nbsp;Ciclismo Internacional<\/li>\n<\/ol>\n","protected":false},"excerpt":{"rendered":"Tour de Francia: Isaac del Toro, objetivo el podio&nbsp;&nbsp;Esciclismo Seis aspirantes por sus migajas y el aviso de&hellip;\n","protected":false},"author":2,"featured_media":668142,"comment_status":"","ping_status":"","sticky":false,"template":"","format":"standard","meta":{"footnotes":""},"categories":[273],"tags":[9731,988,4860,313,1757,9837,12509,7481,312,7423,168,158,551,622,25,3871,24,7214,10708,324,1928,1179,10764,661,3088,22058,549,15068,6260,23,167,548,913,550,1079,1261,325,552],"class_list":["post-668141","post","type-post","status-publish","format-standard","has-post-thumbnail","category-ciclismo","tag-abandono","tag-anos","tag-carrera","tag-ciclismo","tag-ciclista","tag-clara","tag-considerado","tag-convertido","tag-cycling","tag-danes","tag-deportes","tag-el","tag-emirates","tag-equipo","tag-es","tag-esloveno","tag-espana","tag-formacion","tag-isaac","tag-jonas","tag-joven","tag-mas","tag-mexicano","tag-objetivo","tag-parece","tag-podio","tag-pogacar","tag-principal","tag-rival","tag-spain","tag-sports","tag-tadej","tag-toro","tag-uae","tag-vez","tag-victoria","tag-vingegaard","tag-xrg"],"share_on_mastodon":{"url":"https:\/\/pubeurope.com\/@es\/116953232604648926","error":""},"_links":{"self":[{"href":"https:\/\/www.europesays.com\/es\/wp-json\/wp\/v2\/posts\/668141","targetHints":{"allow":["GET"]}}],"collection":[{"href":"https:\/\/www.europesays.com\/es\/wp-json\/wp\/v2\/posts"}],"about":[{"href":"https:\/\/www.europesays.com\/es\/wp-json\/wp\/v2\/types\/post"}],"author":[{"embeddable":true,"href":"https:\/\/www.europesays.com\/es\/wp-json\/wp\/v2\/users\/2"}],"replies":[{"embeddable":true,"href":"https:\/\/www.europesays.com\/es\/wp-json\/wp\/v2\/comments?post=668141"}],"version-history":[{"count":0,"href":"https:\/\/www.europesays.com\/es\/wp-json\/wp\/v2\/posts\/668141\/revisions"}],"wp:featuredmedia":[{"embeddable":true,"href":"https:\/\/www.europesays.com\/es\/wp-json\/wp\/v2\/media\/668142"}],"wp:attachment":[{"href":"https:\/\/www.europesays.com\/es\/wp-json\/wp\/v2\/media?parent=668141"}],"wp:term":[{"taxonomy":"category","embeddable":true,"href":"https:\/\/www.europesays.com\/es\/wp-json\/wp\/v2\/categories?post=668141"},{"taxonomy":"post_tag","embeddable":true,"href":"https:\/\/www.europesays.com\/es\/wp-json\/wp\/v2\/tags?post=668141"}],"curies":[{"name":"wp","href":"https:\/\/api.w.org\/{rel}","templated":true}]}}