{"id":668190,"date":"2026-07-20T16:57:30","date_gmt":"2026-07-20T16:57:30","guid":{"rendered":"https:\/\/www.europesays.com\/es\/668190\/"},"modified":"2026-07-20T16:57:30","modified_gmt":"2026-07-20T16:57:30","slug":"ehu-publica-una-nueva-guia-sobre-salud-intestinal","status":"publish","type":"post","link":"https:\/\/www.europesays.com\/es\/668190\/","title":{"rendered":"EHU publica una nueva gu\u00eda sobre salud intestinal"},"content":{"rendered":"<p class=\"article-body__text \">\n        En esta gu\u00eda pr\u00e1ctica <strong>se abordan algunas de las numerosas enfermedades y trastornos<\/strong> que pueden afectar al intestino, como la <strong>enfermedad inflamatoria intestinal <\/strong>(enfermedad de Crohn y la colitis ulcerosa), el s\u00edndrome del <strong>intestino irritable,<\/strong> la enfermedad <strong>cel\u00edaca<\/strong>, algunas<strong> intolerancias<\/strong> alimentarias (intolerancia a la lactosa, a la fructosa o al sorbitol) o la <strong>diverticulosis<\/strong> y la <strong>diverticulitis<\/strong>, as\u00ed como la <strong>diarrea y el estre\u00f1imiento<\/strong>, que no son patolog\u00edas en s\u00ed mismas sino signos asociados a numerosas enfermedades.\n<\/p>\n<p>            <a href=\"https:\/\/www.noticiasdegipuzkoa.eus\/sociedad\/2026\/07\/10\/estudio-ehu-confirma-habitual-combinar-11310755.html\" title=\"Un estudio de EHU confirma que es habitual combinar varios edulcorantes en un mismo alimento\" class=\"new__media\" rel=\"nofollow noopener\" target=\"_blank\"><\/p>\n<p>                <img alt=\"Un estudio de EHU confirma que es habitual combinar varios edulcorantes en un mismo alimento\" data-src=\"https:\/\/www.europesays.com\/es\/wp-content\/uploads\/2026\/07\/65fd0aa9-7acf-4a3d-8e32-4a3127e2f779_16-9-aspect-ratio_default_0.jpg\" class=\"lozad\"\/><\/p>\n<p>        <\/a><\/p>\n<p>        <a href=\"https:\/\/www.noticiasdegipuzkoa.eus\/sociedad\/2026\/07\/10\/estudio-ehu-confirma-habitual-combinar-11310755.html\" title=\"Un estudio de EHU confirma que es habitual combinar varios edulcorantes en un mismo alimento\" class=\"new__headline\" rel=\"nofollow noopener\" target=\"_blank\"><br \/>\n            Un estudio de EHU confirma que es habitual combinar varios edulcorantes en un mismo alimento<br \/>\n        <\/a><\/p>\n<p>  Papel fundamental de la nutrici\u00f3n<\/p>\n<p class=\"article-body__text \">\n        En todos esos trastornos, l<strong>a nutrici\u00f3n desempe\u00f1a un papel fundamental,<\/strong> no s\u00f3lo como apoyo al tratamiento, sino tambi\u00e9n como<strong> herramienta de prevenci\u00f3n y mejora de la calidad de vida <\/strong>de las personas que los padecen. Una <strong>dieta adaptada a cada situaci\u00f3n<\/strong> puede ayudar a controlar los signos y la sintomatolog\u00eda, prevenir brotes y complicaciones, as\u00ed como garantizar un<strong> aporte \u00f3ptimo de nutrientes esenciales<\/strong> que garanticen el mantenimiento de la salud.\n<\/p>\n<p class=\"article-photo__footer\">\n            La nueva gu\u00eda editada por EHU sobre salud intestinal.            EHU        <\/p>\n<p class=\"article-body__text \">\n        Por otro lado, mencionar que cada vez m\u00e1s estudios cient\u00edficos se\u00f1alan que<strong> el intestino es un \u00f3rgano que juega un papel esencial en el mantenimiento de nuestra salud<\/strong>. El intestino y los billones de microorganismos que lo habitan, conocidos como <strong>microbiota intestinal<\/strong>, desempe\u00f1an un papel clave en numerosas funciones del organismo como, por ejemplo, en la <strong>respuesta inmune. <\/strong>\n<\/p>\n<p>            <a href=\"https:\/\/www.noticiasdegipuzkoa.eus\/sociedad\/2026\/06\/15\/ehu-participa-desarrollo-alimentos-funcionales-11202520.html\" title=\"EHU participa en el desarrollo de alimentos funcionales para reducir la ansiedad asociada al estr\u00e9s\" class=\"new__media\" rel=\"nofollow noopener\" target=\"_blank\"><\/p>\n<p>                <img alt=\"EHU participa en el desarrollo de alimentos funcionales para reducir la ansiedad asociada al estr\u00e9s\" data-src=\"https:\/\/www.europesays.com\/es\/wp-content\/uploads\/2026\/07\/83b38578-971e-46ab-82e5-1bccd28b8e4b_16-9-aspect-ratio_default_0.jpg\" class=\"lozad\"\/><\/p>\n<p>        <\/a><\/p>\n<p>        <a href=\"https:\/\/www.noticiasdegipuzkoa.eus\/sociedad\/2026\/06\/15\/ehu-participa-desarrollo-alimentos-funcionales-11202520.html\" title=\"EHU participa en el desarrollo de alimentos funcionales para reducir la ansiedad asociada al estr\u00e9s\" class=\"new__headline\" rel=\"nofollow noopener\" target=\"_blank\"><br \/>\n            EHU participa en el desarrollo de alimentos funcionales para reducir la ansiedad asociada al estr\u00e9s<br \/>\n        <\/a><\/p>\n<p>  <strong>Alteraciones<\/strong><\/p>\n<p class=\"article-body__text \">\n        Sobre la composici\u00f3n de la microbiota impactan numerosos factores tanto positiva como negativamente. As\u00ed, cabe citar la <strong>alimentaci\u00f3n, la actividad f\u00edsica, el estr\u00e9s o el consumo de t\u00f3xicos, <\/strong>entre otros. Un desequilibrio en la composici\u00f3n y funci\u00f3n de la microbiota se relaciona con numerosas <strong>alteraciones tanto a nivel digestivo como a nivel sist\u00e9mico<\/strong>, como es el caso de las enfermedades metab\u00f3licas.\n<\/p>\n<p class=\"article-body__text \">\n        La <strong>autor\u00eda de esta gu\u00eda<\/strong> corresponde a Iker G\u00f3mez Garc\u00eda, Laura Arellano Garc\u00eda, Jenifer Trepiana Arin, I\u00f1aki Milton Laskibar, Mar\u00eda Puy Portillo y Saioa G\u00f3mez Zorita, que tambi\u00e9n forman parte del Ciber Fisiopatolog\u00eda de la Obesidad y Nutrici\u00f3n del Instituto de Salud Carlos III y del Instituto de Investigaci\u00f3n Sanitaria Bioaraba.<\/p>\n","protected":false},"excerpt":{"rendered":"En esta gu\u00eda pr\u00e1ctica se abordan algunas de las numerosas enfermedades y trastornos que pueden afectar al intestino,&hellip;\n","protected":false},"author":2,"featured_media":668191,"comment_status":"","ping_status":"","sticky":false,"template":"","format":"standard","meta":{"footnotes":""},"categories":[92],"tags":[83016,25,24,4070,165,795,4500,166,23],"class_list":["post-668190","post","type-post","status-publish","format-standard","has-post-thumbnail","category-salud","tag-ehu","tag-es","tag-espana","tag-guia","tag-health","tag-nueva","tag-publica","tag-salud","tag-spain"],"share_on_mastodon":{"url":"https:\/\/pubeurope.com\/@es\/116953366536174435","error":""},"_links":{"self":[{"href":"https:\/\/www.europesays.com\/es\/wp-json\/wp\/v2\/posts\/668190","targetHints":{"allow":["GET"]}}],"collection":[{"href":"https:\/\/www.europesays.com\/es\/wp-json\/wp\/v2\/posts"}],"about":[{"href":"https:\/\/www.europesays.com\/es\/wp-json\/wp\/v2\/types\/post"}],"author":[{"embeddable":true,"href":"https:\/\/www.europesays.com\/es\/wp-json\/wp\/v2\/users\/2"}],"replies":[{"embeddable":true,"href":"https:\/\/www.europesays.com\/es\/wp-json\/wp\/v2\/comments?post=668190"}],"version-history":[{"count":0,"href":"https:\/\/www.europesays.com\/es\/wp-json\/wp\/v2\/posts\/668190\/revisions"}],"wp:featuredmedia":[{"embeddable":true,"href":"https:\/\/www.europesays.com\/es\/wp-json\/wp\/v2\/media\/668191"}],"wp:attachment":[{"href":"https:\/\/www.europesays.com\/es\/wp-json\/wp\/v2\/media?parent=668190"}],"wp:term":[{"taxonomy":"category","embeddable":true,"href":"https:\/\/www.europesays.com\/es\/wp-json\/wp\/v2\/categories?post=668190"},{"taxonomy":"post_tag","embeddable":true,"href":"https:\/\/www.europesays.com\/es\/wp-json\/wp\/v2\/tags?post=668190"}],"curies":[{"name":"wp","href":"https:\/\/api.w.org\/{rel}","templated":true}]}}