{"id":668208,"date":"2026-07-20T17:09:15","date_gmt":"2026-07-20T17:09:15","guid":{"rendered":"https:\/\/www.europesays.com\/es\/668208\/"},"modified":"2026-07-20T17:09:15","modified_gmt":"2026-07-20T17:09:15","slug":"tour-de-francia-remco-evenepoel-tengo-que-hacer-la-mejor-tercera-semana-de-mi-vida-esciclismo","status":"publish","type":"post","link":"https:\/\/www.europesays.com\/es\/668208\/","title":{"rendered":"Tour de Francia: Remco Evenepoel: &quot;Tengo que hacer la mejor tercera semana de mi vida&quot; &#8211; Esciclismo"},"content":{"rendered":"<ol>\n<li><a href=\"https:\/\/news.google.com\/rss\/articles\/CBMiakFVX3lxTFBDY3dROG53ZllPZG9UZVhoNlJscTFIOFlpTS0wSWY1Qm9kY3ZWR19ub0tpZUdzcUtfa1FseENXR0c0cGdDbXhxa2phZHRxWmhQTTZUVzVMOTdfSUp4V0xONnlLZk9tc29JTFE?oc=5\" target=\"_blank\" rel=\"nofollow noopener\">Tour de Francia: Remco Evenepoel: \u00abTengo que hacer la mejor tercera semana de mi vida\u00bb<\/a>&nbsp;&nbsp;Esciclismo<\/li>\n<li><a href=\"https:\/\/news.google.com\/rss\/articles\/CBMi5wFBVV95cUxQd3JtTVBlQ2xTdVQwQUdVeml3b2NwdFpuVkh4TnZ4cjQ1YTBZby1RLUNVZzNWcjVxaUw0ZlVJa0kteTIxbTJ4cDZ4TjhPckRzRjcyUEdMNTQ4YUphR0lLQkl5dDJnZnI4TjhjaTU5VEd6em81YzhHcXdxY0pfQmhZOFdzUWZWMW9xRUtPSnNlczFpSEN3ZG1jZUlPR2RRX3ZNZkR6RXpTeHNfdk1HWGFpNWZnM3JlTHJhcUhFQXNPRmJUQlo4aUlreHVYcmRWSmZQcWpwU1J2eVJOcDF2eWZRQno4b2FkR2fSAfQBQVVfeXFMTU4yMWt2b1JidTRUSzM4VTZFYzJhdk5CNUVZOXlJVHUyM2FaZVE3STlkVUpJcmFzdHdrbjdDTjlabG52aF9vX2VjdFNMeHZyZkszcG11cDk0bVFmNjg1cnNydENJYUlRQlVvc1Q3RjVsaXN4cElxMkU5bzRZZzJ4a2NURGRzbkZsOXZ1ZHZJcGl5bWxBOFZNYW1vZkV1eVVLb3dXOXNndmhGUTZEeE1wTkdUaTlydDVkVDBiWmNoWFdSM2ZlRXFjVE9kbENHMzZ0Z2FnT1BKMC1hT0dhSFlsWlNoQkdMbjBpUThvRzVOamtzMjFQSQ?oc=5\" target=\"_blank\" rel=\"nofollow noopener\">Evenepoel, resignado ante Pogacar: \u00abCreo que no tengo que mirar arriba, tengo que concentrarme en mi segunda posici\u00f3n\u00bb<\/a>&nbsp;&nbsp;Mundo Deportivo<\/li>\n<li><a href=\"https:\/\/news.google.com\/rss\/articles\/CBMiuAFBVV95cUxPYzF5RnNOcnh0YjBFd3JwVDROMU1NZTlKaWVyRUV4X3V4V2ZXNGt5RDBPbXlad2RmOVNPd1h2emtBbWFjajlaai1QU2lkTC0zYTE4MnREdUl4dm85THRNTndGbFk1QWx4N1gtMGV2a29CN2c0UHdzbno5U1JUVlA5dW5xMFR5ZnpCRXVLTGlCNXJkRldvNTlTazFOc3BxV0FxUS1ENzZRYWFsMzhfM1VCVDNyRlRMYTJP?oc=5\" target=\"_blank\" rel=\"nofollow noopener\">Remco Evenepoel, el &#8216;torbellino&#8217; que necesita el Tour: \u00abTodo es posible, pero sin ning\u00fan descanso\u00bb<\/a>&nbsp;&nbsp;MARCA<\/li>\n<li><a href=\"https:\/\/news.google.com\/rss\/articles\/CBMipAFBVV95cUxPU3pNcjF4dUlXaklnLVBfMEs0MzBsTUttTURGZF91elZiRUJFMzBVNVJDQmxsWURNVXhzYXRpcVlDLWc2NTdBT2daV0Y1TmxQREdBOHZGczJfbTdUWmh1bkt6M3E2dkI5dEg5VXNUTEFGZ1VQcktab2xrbHZvbmk3WjRJMVhEa1B1dTBMcC1hWFkzSEVpVm5pVlhTckZkWWdHNlZaVw?oc=5\" target=\"_blank\" rel=\"nofollow noopener\">\u201cMe bloque\u00f3 un veh\u00edculo de Shimano\u201d: Evenepoel limit\u00f3 da\u00f1os bajo la lluvia y salv\u00f3 el podio del Tour<\/a>&nbsp;&nbsp;Ciclismo Internacional<\/li>\n<li><a href=\"https:\/\/news.google.com\/rss\/articles\/CBMijgFBVV95cUxQV3hPV2JjYUQ1RnRZR3ZGOGVjNGFNTnhDbzVmdGgwTlU5cF80Q1AyMm50RG1TYkxjV3NKUDdSUlRaMlQzNDktMUhsZGxDOFdEdkhzUUEtSDFEeGZRcmgwMGNWX0o0cUx5Um90VThrQzM4NHNZbWY0REdld2dKX21YRjVDVW5QalFQS0FpeVVn?oc=5\" target=\"_blank\" rel=\"nofollow noopener\">\u00bfPuede Remco Evenepoel ganar el Tour de Francia 2026?<\/a>&nbsp;&nbsp;Ciclismoaldia.es<\/li>\n<\/ol>\n","protected":false},"excerpt":{"rendered":"Tour de Francia: Remco Evenepoel: \u00abTengo que hacer la mejor tercera semana de mi vida\u00bb&nbsp;&nbsp;Esciclismo Evenepoel, resignado ante&hellip;\n","protected":false},"author":2,"featured_media":649911,"comment_status":"","ping_status":"","sticky":false,"template":"","format":"standard","meta":{"footnotes":""},"categories":[273],"tags":[808,48965,11953,14649,7479,7478,313,4616,62456,312,168,158,25,3871,24,874,2680,20670,317,21051,2890,877,1684,32488,3088,1386,549,977,3576,905,10492,37273,3745,1566,773,23,167,548,602,33985,2393,316,2606],"class_list":["post-668208","post","type-post","status-publish","format-standard","has-post-thumbnail","category-ciclismo","tag-ahora","tag-aseguro","tag-belga","tag-bien","tag-bora","tag-bull","tag-ciclismo","tag-clasificacion","tag-concentrara","tag-cycling","tag-deportes","tag-el","tag-es","tag-esloveno","tag-espana","tag-esta","tag-evenepoel","tag-figura","tag-francia","tag-hacer","tag-inalcanzable","tag-mantener","tag-mejor","tag-mira","tag-parece","tag-plaza","tag-pogacar","tag-primer","tag-puesto","tag-red","tag-remco","tag-saliendo","tag-segunda","tag-segundo","tag-semana","tag-spain","tag-sports","tag-tadej","tag-tendra","tag-tengo","tag-tercera","tag-tour","tag-vida"],"share_on_mastodon":{"url":"https:\/\/pubeurope.com\/@es\/116953413488303591","error":""},"_links":{"self":[{"href":"https:\/\/www.europesays.com\/es\/wp-json\/wp\/v2\/posts\/668208","targetHints":{"allow":["GET"]}}],"collection":[{"href":"https:\/\/www.europesays.com\/es\/wp-json\/wp\/v2\/posts"}],"about":[{"href":"https:\/\/www.europesays.com\/es\/wp-json\/wp\/v2\/types\/post"}],"author":[{"embeddable":true,"href":"https:\/\/www.europesays.com\/es\/wp-json\/wp\/v2\/users\/2"}],"replies":[{"embeddable":true,"href":"https:\/\/www.europesays.com\/es\/wp-json\/wp\/v2\/comments?post=668208"}],"version-history":[{"count":0,"href":"https:\/\/www.europesays.com\/es\/wp-json\/wp\/v2\/posts\/668208\/revisions"}],"wp:featuredmedia":[{"embeddable":true,"href":"https:\/\/www.europesays.com\/es\/wp-json\/wp\/v2\/media\/649911"}],"wp:attachment":[{"href":"https:\/\/www.europesays.com\/es\/wp-json\/wp\/v2\/media?parent=668208"}],"wp:term":[{"taxonomy":"category","embeddable":true,"href":"https:\/\/www.europesays.com\/es\/wp-json\/wp\/v2\/categories?post=668208"},{"taxonomy":"post_tag","embeddable":true,"href":"https:\/\/www.europesays.com\/es\/wp-json\/wp\/v2\/tags?post=668208"}],"curies":[{"name":"wp","href":"https:\/\/api.w.org\/{rel}","templated":true}]}}