{"id":668217,"date":"2026-07-20T17:16:12","date_gmt":"2026-07-20T17:16:12","guid":{"rendered":"https:\/\/www.europesays.com\/es\/668217\/"},"modified":"2026-07-20T17:16:12","modified_gmt":"2026-07-20T17:16:12","slug":"drag-race-espana-fija-en-el-calendario-el-estreno-de-su-6a-edicion-en-atresplayer-y-avanza-giros-ineditos-en-su-mecanica","status":"publish","type":"post","link":"https:\/\/www.europesays.com\/es\/668217\/","title":{"rendered":"&#8216;Drag Race Espa\u00f1a&#8217; fija en el calendario el estreno de su 6\u00aa edici\u00f3n en Atresplayer y avanza \u00abgiros in\u00e9ditos\u00bb en su mec\u00e1nica"},"content":{"rendered":"<p class=\"article-text\">\n        Desde <a href=\"https:\/\/www.eldiario.es\/vertele\/noticias\/drag-race-final-satin-greco-laca-udilla-corono-ganadora-caida-anticipada-gran-rival-woman-atresplayer-videos_1_12828547.html\" target=\"_blank\" data-mrf-recirculation=\"links-noticia\" class=\"link\" rel=\"nofollow noopener\">el final de la quinta edici\u00f3n<\/a> de<strong> Drag Race Espa\u00f1a<\/strong> que tuvo lugar en diciembre de 2025, los fans de la adaptaci\u00f3n patria del formato han tenido que conformarse con las innumerables versiones extranjeras del talent show de tranformismo. Pero la espera ha teerminado, ya que por fin llegan noticias del programa:<strong> vuelve en septiembre a Atresplayer con el estreno de su sexta edici\u00f3n<\/strong>.\n    <\/p>\n<p>    <a href=\"https:\/\/www.eldiario.es\/vertele\/noticias\/ted-lasso-telenecos-colaron-half-time-show-final-mundial-estrellas-justin-biber-madonna-shakira-vt_1_13392500.html\" data-mrf-recirculation=\"saber-mas\" data-dl-event=\"saber-mas\" rel=\"nofollow noopener\" target=\"_blank\"><\/p>\n<p class=\"know-more__title\">Ted Lasso y Los Tele\u00f1ecos se cuelan en el &#8216;half-time show&#8217; de la final del Mundial entre Justin Bieber, Madonna y Shakira<\/p>\n<p>            <img decoding=\"async\" class=\"lazy\" loading=\"lazy\" data-src=\"https:\/\/static.eldiario.es\/clip\/c539b837-ecb6-4dc3-8ce0-28e79f8f8d6e_16-9-aspect-ratio_default_0.jpg\" src=\"data:image\/svg+xml,%3Csvg xmlns=\" http:=\"\" viewbox=\"0 0 880 495\" alt=\"Ted Lasso y Los Tele\u00f1ecos se cuelan en el 'half-time show' de la final del Mundial entre Justin Bieber, Madonna y Shakira\"\/><\/p>\n<p>                        <\/a><\/p>\n<p class=\"article-text\">\n        As\u00ed lo ha anunciado este lunes Atresmedia en una nota de prensa en la que confirma que aplazan <strong>Drag Race Espa\u00f1a: All Stars 2 <\/strong>al pr\u00f3ximo a\u00f1o. Adem\u00e1s, la plataforma se reserva entre sus novedades para la pr\u00f3xima temporada televisiva <strong>Las vecinas<\/strong>, la nueva apuesta de ficci\u00f3n de Suma Content, la productora de <strong>Los Javis, <\/strong>que estar\u00e1 inspirada en las famosas vecinas de Valencia<strong>.<\/strong>\n    <\/p>\n<p>    Lo que sabemos (de momento) sobre &#8216;Drag Race: Espa\u00f1a&#8217; T6<\/p>\n<p class=\"article-text\">\n        Tras conquistar de nuevo a los fans con su quinta temporada, el talent show <strong>regresar\u00e1 con el comienzo de curso a Atresplayer<\/strong> para una sexta edici\u00f3n que estar\u00e1 capitaneada por <strong>Supremme de Luxe <\/strong>y que promete m\u00e1s emoci\u00f3n, competitividad y sorpresas que nunca. Adem\u00e1s, el programa avanza importantes novedades que traer\u00e1n, tal y como avanza la compa\u00f1\u00eda,<strong> alg\u00fan que otro \u201cgiro in\u00e9dito\u201d en la mec\u00e1nica.<\/strong>\n    <\/p>\n<p>    <a href=\"https:\/\/www.eldiario.es\/vertele\/audiencias-tv\/domingo-19-julio-2026-espana-campeona-mundo-16-6-millones-tv-final-argentina-roza-90-rtve-dazn_1_13392331.html\" data-mrf-recirculation=\"saber-mas-abajo\" data-dl-event=\"saber-mas-abajo\" rel=\"nofollow noopener\" target=\"_blank\"><\/p>\n<p class=\"know-more__title\">Espa\u00f1a, campeona del mundo ante m\u00e1s de 16,6 millones en TV: la final contra Argentina roza el 90% en RTVE y DAZN\n<\/p>\n<p>            <img decoding=\"async\" class=\"lazy\" loading=\"lazy\" data-src=\"https:\/\/static.eldiario.es\/clip\/3e3c0532-fa37-4261-8ad4-b32d3ddd479c_16-9-aspect-ratio_default_0.jpg\" src=\"data:image\/svg+xml,%3Csvg xmlns=\" http:=\"\" viewbox=\"0 0 880 495\" alt=\"Espa\u00f1a, campeona del mundo ante m\u00e1s de 16,6 millones en TV: la final contra Argentina roza el 90% en RTVE y DAZN\"\/><\/p>\n<p>                        <\/a><\/p>\n<blockquote class=\"twitter-tweet\" data-lang=\"es\"><p><a href=\"https:\/\/twitter.com\/X\/status\/2079146414261612717?ref_src=twsrc%5Etfw\" rel=\"nofollow noopener\" target=\"_blank\"><\/p><\/blockquote>\n<p class=\"article-text\">\n        Una nueva promoci\u00f3n de reinas protagonizar\u00e1 esta sexta edici\u00f3n de la competici\u00f3n para convertirse en<strong> la nueva superestrella drag espa\u00f1ola <\/strong>despu\u00e9s de Sat\u00edn Greco, que dej\u00f3 el list\u00f3n muy alto. A partir de septiembre, Atresplayer se llenar\u00e1 de reinas que deber\u00e1n superar todo tipo de retos para evitar ser eliminadas y as\u00ed poder llevarse los <strong>50.000 euros de premio final<\/strong>. Un a\u00f1o m\u00e1s, el jurado estar\u00e1 integrado por<strong> Javier Calvo, Javier Ambrossi y Ana Locking, <\/strong>capitaneados por <strong>Supremme de Luxe<\/strong>.\n    <\/p>\n<p>                                    <script async src=\"https:\/\/platform.twitter.com\/widgets.js\" charset=\"utf-8\"><\/script><\/p>\n","protected":false},"excerpt":{"rendered":"Desde el final de la quinta edici\u00f3n de Drag Race Espa\u00f1a que tuvo lugar en diciembre de 2025,&hellip;\n","protected":false},"author":2,"featured_media":668218,"comment_status":"","ping_status":"","sticky":false,"template":"","format":"standard","meta":{"footnotes":""},"categories":[171],"tags":[40769,18069,8866,6783,42143,2197,146,147,25,24,1055,2540,85585,3004,53955,3154,23,214],"class_list":["post-668217","post","type-post","status-publish","format-standard","has-post-thumbnail","category-tv","tag-6a","tag-atresplayer","tag-avanza","tag-calendario","tag-drag","tag-edicion","tag-entertainment","tag-entretenimiento","tag-es","tag-espana","tag-estreno","tag-fija","tag-giros","tag-ineditos","tag-mecanica","tag-race","tag-spain","tag-tv"],"share_on_mastodon":{"url":"https:\/\/pubeurope.com\/@es\/116953441213039016","error":""},"_links":{"self":[{"href":"https:\/\/www.europesays.com\/es\/wp-json\/wp\/v2\/posts\/668217","targetHints":{"allow":["GET"]}}],"collection":[{"href":"https:\/\/www.europesays.com\/es\/wp-json\/wp\/v2\/posts"}],"about":[{"href":"https:\/\/www.europesays.com\/es\/wp-json\/wp\/v2\/types\/post"}],"author":[{"embeddable":true,"href":"https:\/\/www.europesays.com\/es\/wp-json\/wp\/v2\/users\/2"}],"replies":[{"embeddable":true,"href":"https:\/\/www.europesays.com\/es\/wp-json\/wp\/v2\/comments?post=668217"}],"version-history":[{"count":0,"href":"https:\/\/www.europesays.com\/es\/wp-json\/wp\/v2\/posts\/668217\/revisions"}],"wp:featuredmedia":[{"embeddable":true,"href":"https:\/\/www.europesays.com\/es\/wp-json\/wp\/v2\/media\/668218"}],"wp:attachment":[{"href":"https:\/\/www.europesays.com\/es\/wp-json\/wp\/v2\/media?parent=668217"}],"wp:term":[{"taxonomy":"category","embeddable":true,"href":"https:\/\/www.europesays.com\/es\/wp-json\/wp\/v2\/categories?post=668217"},{"taxonomy":"post_tag","embeddable":true,"href":"https:\/\/www.europesays.com\/es\/wp-json\/wp\/v2\/tags?post=668217"}],"curies":[{"name":"wp","href":"https:\/\/api.w.org\/{rel}","templated":true}]}}