{"id":668279,"date":"2026-07-20T17:58:14","date_gmt":"2026-07-20T17:58:14","guid":{"rendered":"https:\/\/www.europesays.com\/es\/668279\/"},"modified":"2026-07-20T17:58:14","modified_gmt":"2026-07-20T17:58:14","slug":"cuanto-se-llevan-rodri-ferran-y-lamine-yamal-por-ganar-el-mundial-expansion","status":"publish","type":"post","link":"https:\/\/www.europesays.com\/es\/668279\/","title":{"rendered":"\u00bfCu\u00e1nto se llevan Rodri, Ferran y Lamine Yamal por ganar el Mundial? &#8211; Expansi\u00f3n"},"content":{"rendered":"<ol>\n<li><a href=\"https:\/\/news.google.com\/rss\/articles\/CBMimAFBVV95cUxPQTZlcjZocklNcmlkTzhhX1dLZmpBUFBkSkUzMFVrbXJaWDlKVXlwNWtYeTUzQTcxOU9HenlUaUE1QXRlSnpWOHhDUVlLMENYcFZhN1ByMlg1RFpNMUo1N3hOdG9tV1o2ZjRZLTFTYlBCSlIxTTJUckpoMllfWmRXUVgxSVJTLXltdE9kc0daOWFWb3Brc3NMag?oc=5\" target=\"_blank\" rel=\"nofollow noopener\">\u00bfCu\u00e1nto se llevan Rodri, Ferran y Lamine Yamal por ganar el Mundial?<\/a>&nbsp;&nbsp;Expansi\u00f3n<\/li>\n<li><a href=\"https:\/\/news.google.com\/rss\/articles\/CBMiqAFBVV95cUxPZXdzNDRrQjk1bzlSVVktdVZpZUJuX0tublhXa182TUlwU1NPaHoxRTRwQWh3eWJfclRhWnVuQWhJbWNlaDNneEdTS3FuSnpxLW1PUDhUM0x2aDgwQ2oxejNEenMxT0pTRmNmQzJORFdYWWVwYklTNnpmODZpcy1TWkxGeElwOWpaV05hSDQ1ZzROYXNPRGFGaGJ0WWZZbC1LSWEwWUFuc3M?oc=5\" target=\"_blank\" rel=\"nofollow noopener\">Lluvia de millones para Espa\u00f1a y un dineral para los campeones<\/a>&nbsp;&nbsp;Diario AS<\/li>\n<li><a href=\"https:\/\/news.google.com\/rss\/articles\/CBMivAFBVV95cUxOYUFsTmdyZ29SQzdmVUNUUzVRNzQyLTMwM2F3a0FsT3MxdTNWUzh5UGc0SU5sTUtaVHRGRWV2Vm9fcWxuTzh5Sm9TV01kRDNNWGU2cl96UXFRa3VnLVZOeFRfZGlTT2NscDN0a1l2Z2NkY2FqbnVvcUkzalRZUzBxN1p6OFZ6X19vMmlnQmtTcVhXS1JpdURnN2VUTDZHMUR4VlJGY0lhQnRZRERqMTJlYVNLYXhsbWlRa0hwcA?oc=5\" target=\"_blank\" rel=\"nofollow noopener\">Cu\u00e1nto dinero gana Espa\u00f1a en el Mundial 2026: premio para cada jugador de la Selecci\u00f3n y para la Federaci\u00f3n<\/a>&nbsp;&nbsp;ABC<\/li>\n<li><a href=\"https:\/\/news.google.com\/rss\/articles\/CBMi7AJBVV95cUxOUndLaGNQY0Zwdk51eDRWeDlaYjF6TEJWTFZBZVBzWElxME9NRFBLUUFvcWc3XzVMSTdyWnRTdVYwb1JZRW5mQXgxYWlOcFBrSGpzbnJWTDVUa3l0eDR3NnlSOTUzd3JEbm9XXzZyOGdpaFRmTXc2eXlOekNuZldCTTJTa2RvUzBmWWl3aGpfcEV4ODdWLS13MDdsZGV6VDNmd1ZxZE9jNDRuZER3RThiSXpQdThKSE9qR1BtNEFQNWNyc0YwSGg3djIzckR6UlI1QmxJQ2JvTDdHZTBHdWJaVFlwME1mRDdpWUh5ei1SbUhjaFlMSHNxdm1ROC0xTlBWUzR3ZUFhc056a0FLTDJ3S0l4S0NWb0dDMFg2VXdGcUFhZUZWbnp0U25tM2lWblRneDY4RVJpLVp4SWdKYjlXdnBIdVR1Q0R6VzZIVXdONDJTMUJVSVk5cm9PTFZfZTBNLW5URmNzaXFndlVQ?oc=5\" target=\"_blank\" rel=\"nofollow noopener\">Los t\u00e9cnicos de Hacienda confirman que la Administraci\u00f3n ingresar\u00e1 casi seis millones de euros por la victoria de Espa\u00f1a en el Mundial, aunque m\u00e1s de un mill\u00f3n ir\u00e1 a las haciendas forales<\/a>&nbsp;&nbsp;El Economista<\/li>\n<li><a href=\"https:\/\/news.google.com\/rss\/articles\/CBMiwAFBVV95cUxNUmF6c05YVDg0Z2FmZ1hZWnRRY1JBZFU1R1FqOFZlOWNFRVZMcTIwV2VBeHVGdk9NODFPZmw2eGJsOTVQdjYzY3paWXBkcVdVdXdRdUZxWV9BYkljU2JkTW8wSkhBVEZJbHlJNWF5VjYtU0NHaE81ZXVCdzFYN3NFRFR0TTF1dFhtbjVYeWdDT21DejNzY1Yyc2UtYUg3a2l6VnIzZXhfVGl2NEVIbDJqODFCM2o1R0FoelN3b1lXSnHSAcYBQVVfeXFMUHg2bktld2hyQUoyQ0kzMTkweFBFMWdVa1RyRjBaV2pTMG5SbjU3bG16eWlqdHowTFpiVHA3Q0E2OFRlYmZraU00NUxRdzlST01tWWVFSm5rbENDZXYtLWFsblFXZnA0SWRfSkM0dVBYbEZZZE1jV3kybUtacEgyZGtzaGMybHBFN2ttWl93bV9OS2RzTU5Ic1NJQkRVQVJmTXJfNS1SMlNfYjE0dkwxekxTX2VJUFNnLU9KRkVHWUVRYXJlLU9n?oc=5\" target=\"_blank\" rel=\"nofollow noopener\">\u00bfCu\u00e1nto dinero ganan los jugadores de Espa\u00f1a por conquistar el Mundial? Esta es la prima que cobrar\u00e1 cada uno<\/a>&nbsp;&nbsp;La Vanguardia<\/li>\n<\/ol>\n","protected":false},"excerpt":{"rendered":"\u00bfCu\u00e1nto se llevan Rodri, Ferran y Lamine Yamal por ganar el Mundial?&nbsp;&nbsp;Expansi\u00f3n Lluvia de millones para Espa\u00f1a y&hellip;\n","protected":false},"author":2,"featured_media":668280,"comment_status":"","ping_status":"","sticky":false,"template":"","format":"standard","meta":{"footnotes":""},"categories":[268],"tags":[168,1564,42352,25,24,280,282,281,23,167],"class_list":["post-668279","post","type-post","status-publish","format-standard","has-post-thumbnail","category-futbol","tag-deportes","tag-directivos","tag-directivos-deporte-negocio","tag-es","tag-espana","tag-football","tag-futbol","tag-soccer","tag-spain","tag-sports"],"share_on_mastodon":{"url":"https:\/\/pubeurope.com\/@es\/116953605873350582","error":""},"_links":{"self":[{"href":"https:\/\/www.europesays.com\/es\/wp-json\/wp\/v2\/posts\/668279","targetHints":{"allow":["GET"]}}],"collection":[{"href":"https:\/\/www.europesays.com\/es\/wp-json\/wp\/v2\/posts"}],"about":[{"href":"https:\/\/www.europesays.com\/es\/wp-json\/wp\/v2\/types\/post"}],"author":[{"embeddable":true,"href":"https:\/\/www.europesays.com\/es\/wp-json\/wp\/v2\/users\/2"}],"replies":[{"embeddable":true,"href":"https:\/\/www.europesays.com\/es\/wp-json\/wp\/v2\/comments?post=668279"}],"version-history":[{"count":0,"href":"https:\/\/www.europesays.com\/es\/wp-json\/wp\/v2\/posts\/668279\/revisions"}],"wp:featuredmedia":[{"embeddable":true,"href":"https:\/\/www.europesays.com\/es\/wp-json\/wp\/v2\/media\/668280"}],"wp:attachment":[{"href":"https:\/\/www.europesays.com\/es\/wp-json\/wp\/v2\/media?parent=668279"}],"wp:term":[{"taxonomy":"category","embeddable":true,"href":"https:\/\/www.europesays.com\/es\/wp-json\/wp\/v2\/categories?post=668279"},{"taxonomy":"post_tag","embeddable":true,"href":"https:\/\/www.europesays.com\/es\/wp-json\/wp\/v2\/tags?post=668279"}],"curies":[{"name":"wp","href":"https:\/\/api.w.org\/{rel}","templated":true}]}}