{"id":668357,"date":"2026-07-20T18:59:13","date_gmt":"2026-07-20T18:59:13","guid":{"rendered":"https:\/\/www.europesays.com\/es\/668357\/"},"modified":"2026-07-20T18:59:13","modified_gmt":"2026-07-20T18:59:13","slug":"la-fifa-investigara-los-incidentes-de-argentina-en-la-final-expansion","status":"publish","type":"post","link":"https:\/\/www.europesays.com\/es\/668357\/","title":{"rendered":"La FIFA investigar\u00e1 los incidentes de Argentina en la final &#8211; Expansi\u00f3n"},"content":{"rendered":"<ol>\n<li><a href=\"https:\/\/news.google.com\/rss\/articles\/CBMimAFBVV95cUxOT3loZmZEWWQ4NG5iRGMxY1dLZy04N0g1MTcxOFRTZjBEV1R6Z2libFprSkpvREJidUNVZFJ5MVM0M3BYYmc5M0J5R0VDSURkT1hBUEZ4em5DcEp0bHBkQ0VaUHpVd21kaVpLeU1ibEJhblNpLUh3aW8zMDJLUkxfbmROanhzNlNkazV3OTI4ZmhZZVE3eGRSWNIBmAFBVV95cUxNLVNlRnRHN2RwYmUwaXA1RGNUYy1kaDJQdUpsMGZWOFpzWXNmbVhMMnctdlEtdGJadEI5VGh3YU9ZbDFwT1R4NUx5cUVlbVZUNnBiVkE2bWtlS1JCeUxrdmVVVDdFTXU2aDR3cXZfRHRkZXZiTFdjTUE2NDFVdTJnS2liUDR2SkVCZU9PVlhUalR2YkJNaEd5RQ?oc=5\" target=\"_blank\" rel=\"nofollow noopener\">La FIFA investigar\u00e1 los incidentes de Argentina en la final<\/a>&nbsp;&nbsp;Expansi\u00f3n<\/li>\n<li><a href=\"https:\/\/news.google.com\/rss\/articles\/CBMingFBVV95cUxPYUZQWG11WGxSMFhsbWVicU5qYWdjV1o4QTg2OXhaZnM3TDdXSWZ5akZNSV9XNVZMTlZaanMtVkFRYW9lM05CYUVPU2lBQzBQVXd5dHpsajRqa1Rxb3BuSkM4RlhPTFh6NF94YXBvcTV6T2NVN1hOd0tPUHU1NDFLMW9BSkNFaEJIdG4tS1k1TmlQN0ZkX194RUNvbjVUUdIBngFBVV95cUxQMTItTlI4WDZqcG9UWHl3VDZtT3NLWjJVZkhHWjlSR0J0M3ltanNXTnRBOGF2bldxQnR1ekxzOXNhUlhhcW42ZnNvNUFIZzRsNXMwdkh4WTVfUXJzUllsRmR3a1pLdUhITkdheGRGYTNvTHc0WUxCejdSMTFpY0d6ZjY5SDNVTXhzNS1OSDZPX0oyNkxLaDNVYl9SUVVLdw?oc=5\" target=\"_blank\" rel=\"nofollow noopener\">El pu\u00f1etazo de Molina, la locura de Paredes y el desprecio argentino a los campeones en el postpartido m\u00e1s bronco del Mundial: \u00abEstuvisteis llorando toda la semana\u00bb<\/a>&nbsp;&nbsp;El Mundo<\/li>\n<li><a href=\"https:\/\/news.google.com\/rss\/articles\/CBMitwFBVV95cUxPVlhtTUtGZ1pzZXUxY0N1RWF5M0t1dWJQak5OTXhFR21JbVhSRE9kZ3RFc3BGRnlhVVpINFg4R2IycFhNQVY3MzJoOF9KaXlFRk1udWVWeFZBcUR6cUQ4U19YWm5DcnhZelJNTzFPRzJpSV9DX0c2dGlFX1N4dWdZTTJ2UUE2ODl2bVdnMUVMMUJTb3hoUTFjdzNnMm8tQ2stOWw1b2YwbEtTcEVUX25TV3dKVVBDNWc?oc=5\" target=\"_blank\" rel=\"nofollow noopener\">El vestuario a Gavi: \u201cC\u00e1llate bobo, que te han tirado al suelo y te han comido\u201d<\/a>&nbsp;&nbsp;Diario AS<\/li>\n<li><a href=\"https:\/\/news.google.com\/rss\/articles\/CBMiowFBVV95cUxPX0o5OUEtN3d0TWlpQU5hSTUtWTZlNHVkaVF5cnROWmZOQ18xenpFX2ZxeHFkVl8yRnNrcnZNdlN4MEExNVlsSWR6NnRVZEFJdnVadVFNTmhIY1VaLXFGVC1Mcm5FV05TdkU0bHRNVmlwZmVVRE41bFo0Rjh3Tng4akRoeWNqeFdUWFdoZFU0eDllVjBuT2U5WWdHWG1mcDhfZVdB0gGjAUFVX3lxTFA0NVpqQmUwc0QxbEZkUjUtQVB1TXEzQTlFRjFJUjZKblhzdWVmdTMxc2tXRmhPclA0cjRmVXl1NUhiUXRWRWVDNHZnRnR5c0l5MFh1Z1JrYnU5OU1HQ3RYRnRRZTJJY092VjFkMUFUUE41V3pGRml1RkJqUGxLZ3d6ZVJteHEtSWV4TjhWMDBHWTAxZVhrdVNyaGpxSGxrLVowUTg?oc=5\" target=\"_blank\" rel=\"nofollow noopener\">La FIFA abre una investigaci\u00f3n contra Argentina tras los incidentes de la final<\/a>&nbsp;&nbsp;MARCA<\/li>\n<li><a href=\"https:\/\/news.google.com\/rss\/articles\/CBMilwJBVV95cUxNUUhDeEhOMHBCbERLVnQwYXpLMWFfV2JtYXRpeTMzQzJVTHFTbXNZVW9zWDlJLTBfeHhaMTFLQ3R0ajNUbmhXVEoycFRkVlhPYlgtMC0xeHlEVHZVLXhkUDJpcnI0dW1veEZnQVd1OWxheE5QSW5fQzQtbVpiMG5JbWN1Q3BFQVNrc1RjYVdfWFd0RHdwRHdMSW1OMFh6VEllamxLVHVSaTh0bFJBajZJcDdxT2l6UGJMUE1fdTdBUkhQNm9VWDlrT1JESEFoZVAySGxYTjM5a2RoUDVRaUt1U2pmQVZtWEtHc1Q4SEx1V0diZmRRQmxYZjU1Y202bXZQZE84LVdHQmtRMmRIVmpjajVoNVA0Zlk?oc=5\" target=\"_blank\" rel=\"nofollow noopener\">La FIFA ya tiene los informes para investigar el comportamiento de Argentina en la final del Mundial y valorar posibles sanciones<\/a>&nbsp;&nbsp;EL PA\u00cdS<\/li>\n<\/ol>\n","protected":false},"excerpt":{"rendered":"La FIFA investigar\u00e1 los incidentes de Argentina en la final&nbsp;&nbsp;Expansi\u00f3n El pu\u00f1etazo de Molina, la locura de Paredes&hellip;\n","protected":false},"author":2,"featured_media":668358,"comment_status":"","ping_status":"","sticky":false,"template":"","format":"standard","meta":{"footnotes":""},"categories":[93],"tags":[168,1564,42352,25,24,23,167],"class_list":["post-668357","post","type-post","status-publish","format-standard","has-post-thumbnail","category-deportes","tag-deportes","tag-directivos","tag-directivos-deporte-negocio","tag-es","tag-espana","tag-spain","tag-sports"],"share_on_mastodon":{"url":"https:\/\/pubeurope.com\/@es\/116953845814851563","error":""},"_links":{"self":[{"href":"https:\/\/www.europesays.com\/es\/wp-json\/wp\/v2\/posts\/668357","targetHints":{"allow":["GET"]}}],"collection":[{"href":"https:\/\/www.europesays.com\/es\/wp-json\/wp\/v2\/posts"}],"about":[{"href":"https:\/\/www.europesays.com\/es\/wp-json\/wp\/v2\/types\/post"}],"author":[{"embeddable":true,"href":"https:\/\/www.europesays.com\/es\/wp-json\/wp\/v2\/users\/2"}],"replies":[{"embeddable":true,"href":"https:\/\/www.europesays.com\/es\/wp-json\/wp\/v2\/comments?post=668357"}],"version-history":[{"count":0,"href":"https:\/\/www.europesays.com\/es\/wp-json\/wp\/v2\/posts\/668357\/revisions"}],"wp:featuredmedia":[{"embeddable":true,"href":"https:\/\/www.europesays.com\/es\/wp-json\/wp\/v2\/media\/668358"}],"wp:attachment":[{"href":"https:\/\/www.europesays.com\/es\/wp-json\/wp\/v2\/media?parent=668357"}],"wp:term":[{"taxonomy":"category","embeddable":true,"href":"https:\/\/www.europesays.com\/es\/wp-json\/wp\/v2\/categories?post=668357"},{"taxonomy":"post_tag","embeddable":true,"href":"https:\/\/www.europesays.com\/es\/wp-json\/wp\/v2\/tags?post=668357"}],"curies":[{"name":"wp","href":"https:\/\/api.w.org\/{rel}","templated":true}]}}