{"id":66850,"date":"2025-08-23T12:19:16","date_gmt":"2025-08-23T12:19:16","guid":{"rendered":"https:\/\/www.europesays.com\/es\/66850\/"},"modified":"2025-08-23T12:19:16","modified_gmt":"2025-08-23T12:19:16","slug":"la-fan-zone-de-la-cartuja-se-queda-corta-en-el-estreno-del-betis-por-la-falta-de-oferta-de-servicios","status":"publish","type":"post","link":"https:\/\/www.europesays.com\/es\/66850\/","title":{"rendered":"La &#8216;fan zone&#8217; de la Cartuja se queda corta en el estreno del Betis por la falta de oferta de servicios"},"content":{"rendered":"<p style=\"\">Los aleda\u00f1os del estadio de la Cartuja fueron una suerte de &#8216;feria de abril&#8217; como dec\u00eda m\u00e1s de un aficionado, al abarrotar los b\u00e9ticos el entorno con <strong>horas de antelaci\u00f3n <\/strong>y copar la zona de ocio habilitada para disfrutar de los proleg\u00f3menos del partido.<\/p>\n<p style=\"\">Este  &#8230; espacio contaba en concreto con una fan zone dotada de una <strong>gran carpa <\/strong>con barras de bebidas, animaci\u00f3n musical con DJ incluido, tienda oficial del Real Betis y diversos puestos de comida r\u00e1pida, cervezas, refrescos y bufandas, pulseras y dem\u00e1s complementos tanto del Betis, como del Deportivo Alav\u00e9s.<\/p>\n<p class=\"voc-p\" style=\"\">La citada carpa fue especialmente bienvenida por la afici\u00f3n, que llen\u00f3 las misma las primeras horas de la tarde, cuando m\u00e1s castigaba el sol.<\/p>\n<p class=\"voc-p\" style=\"\">Los hinchas del <strong>Supporters Gol Sur <\/strong>tuvieron su propia &#8216;fan zone&#8217; en los bajos del viaducto de la SE-30 que transcurre junto al estadio de la Cartuja, donde protegidos del sol jalearon las horas previas al encuentro coreando c\u00e1nticos y tambi\u00e9n con m\u00fasica.<\/p>\n<p class=\"voc-p\" style=\"\">Entre la presencia policial, facultativos sanitarios y guardias de seguridad, el espacio comprendido entre el viaducto y el estadio de la Cartuja se convirti\u00f3 as\u00ed las horas previas al partido en un <strong>hervidero verdiblanco<\/strong>, con mucho bullicio y una atm\u00f3sfera festiva en este primer partido del Betis en Sevilla esta nueva temporada.<\/p>\n<p class=\"voc-p\" style=\"\">Entre las 19 y las 20,30 horas, antes de que accediese al interior del estadio el grueso de los asistentes, la fan zone y la suerte de \u00abcalle del infierno\u00bb de bolsillo conformada por los <strong>puestos de comida r\u00e1pida <\/strong>estaban repletos, lo que abre tambi\u00e9n el debate sobre la suficiencia o no de la oferta de restauraci\u00f3n en este espacio tan alejado del casco urbano y carente de servicios propios.<\/p>\n<p class=\"voc-p\" style=\"\">As\u00ed, al concentrarse la clientela en las barras de la fan zone se registraron largas colas y esperas para adquirir las consumiciones y los puestos de venta ambulante, tambi\u00e9n bastante nutridos de aficionados, <strong>no contaban con oferta suficiente <\/strong>para responder a la alta demanda de bebida, pues todo esto ocurr\u00eda en plena tarde de agosto.<\/p>\n<p class=\"voc-p\" style=\"\">Una vez m\u00e1s hubo quien se anticip\u00f3 a dicha problem\u00e1tica gracias al recurso del <strong>botell\u00f3n<\/strong>, adem\u00e1s de quienes acudieron con <strong>neveras <\/strong>en toda regla para asegurarse avituallamiento fresco en esta se\u00f1alada tarde de estreno b\u00e9tico en casa.<\/p>\n<p>\nSuciedad por el albero\n<\/p>\n<p class=\"voc-p\" style=\"\">A consecuencia de ello, a medida que el p\u00fablico desalojaba la zona para entrar al estadio, los aleda\u00f1os del mismo iban presentando un escenario m\u00e1s desalentador, por las m\u00faltiples bolsas, botellas, vasos de pl\u00e1stico o latas que salpicaban todo el entorno; adem\u00e1s de que la combinaci\u00f3n de multitud y abundantes zonas de albero dej\u00f3 <strong>suciedad vial<\/strong> y en las prendas de ropa.<\/p>\n<p class=\"voc-p\" style=\"\">Aunque el dispositivo contaba como no con no pocos contenedores de basura y papeleras, su n\u00famero y distribuci\u00f3n pueden constituir quiz\u00e1 otro debate; si bien en cualquier caso Lipasam contaba con un despliegue especial de <strong>21 operarios y nueve veh\u00edculos<\/strong>, para actuar una vez los aficionados hubiesen accedido al interior del estadio y tambi\u00e9n despu\u00e9s de que tras el partido hubieran dejado la zona.<\/p>\n","protected":false},"excerpt":{"rendered":"Los aleda\u00f1os del estadio de la Cartuja fueron una suerte de &#8216;feria de abril&#8217; como dec\u00eda m\u00e1s de&hellip;\n","protected":false},"author":2,"featured_media":66851,"comment_status":"","ping_status":"","sticky":false,"template":"","format":"standard","meta":{"footnotes":""},"categories":[93],"tags":[4708,168,25,24,1998,8470,6046,3041,4113,23,167,26289],"class_list":{"0":"post-66850","1":"post","2":"type-post","3":"status-publish","4":"format-standard","5":"has-post-thumbnail","7":"category-deportes","8":"tag-corta","9":"tag-deportes","10":"tag-es","11":"tag-espana","12":"tag-falta","13":"tag-fan","14":"tag-oferta","15":"tag-queda","16":"tag-servicios","17":"tag-spain","18":"tag-sports","19":"tag-zone"},"share_on_mastodon":{"url":"","error":""},"_links":{"self":[{"href":"https:\/\/www.europesays.com\/es\/wp-json\/wp\/v2\/posts\/66850","targetHints":{"allow":["GET"]}}],"collection":[{"href":"https:\/\/www.europesays.com\/es\/wp-json\/wp\/v2\/posts"}],"about":[{"href":"https:\/\/www.europesays.com\/es\/wp-json\/wp\/v2\/types\/post"}],"author":[{"embeddable":true,"href":"https:\/\/www.europesays.com\/es\/wp-json\/wp\/v2\/users\/2"}],"replies":[{"embeddable":true,"href":"https:\/\/www.europesays.com\/es\/wp-json\/wp\/v2\/comments?post=66850"}],"version-history":[{"count":0,"href":"https:\/\/www.europesays.com\/es\/wp-json\/wp\/v2\/posts\/66850\/revisions"}],"wp:featuredmedia":[{"embeddable":true,"href":"https:\/\/www.europesays.com\/es\/wp-json\/wp\/v2\/media\/66851"}],"wp:attachment":[{"href":"https:\/\/www.europesays.com\/es\/wp-json\/wp\/v2\/media?parent=66850"}],"wp:term":[{"taxonomy":"category","embeddable":true,"href":"https:\/\/www.europesays.com\/es\/wp-json\/wp\/v2\/categories?post=66850"},{"taxonomy":"post_tag","embeddable":true,"href":"https:\/\/www.europesays.com\/es\/wp-json\/wp\/v2\/tags?post=66850"}],"curies":[{"name":"wp","href":"https:\/\/api.w.org\/{rel}","templated":true}]}}