{"id":668700,"date":"2026-07-20T23:32:21","date_gmt":"2026-07-20T23:32:21","guid":{"rendered":"https:\/\/www.europesays.com\/es\/668700\/"},"modified":"2026-07-20T23:32:21","modified_gmt":"2026-07-20T23:32:21","slug":"una-playa-gallega-enamora-a-macarena-garcia-y-javier-ambrossi-en-plenas-rias-baixas-y-con-el-mejor-marisco","status":"publish","type":"post","link":"https:\/\/www.europesays.com\/es\/668700\/","title":{"rendered":"Una playa gallega enamora a Macarena Garc\u00eda y Javier Ambrossi: en plenas R\u00edas Baixas y con el mejor marisco"},"content":{"rendered":"<p style=\"\">Incluso las grandes estrellas necesitan un lugar donde desconectar el tel\u00e9fono, huir del asfalto y pisar la arena sin que nadie las moleste. Y para el <strong>director Javier Ambrossi<\/strong> y la <strong>actriz Macarena Garc\u00eda<\/strong>, ese santuario particular no est\u00e1 en Ibiza ni en  &#8230; el Caribe, sino en las <strong>R\u00edas Baixas<\/strong>. Apenas a una hora y media en coche desde Santiago de Compostela se esconde su secreto mejor guardado.<\/p>\n<p class=\"v-d-p\" style=\"\">Lejos del turismo de masas, este arenal se ha convertido en el refugio familiar perfecto para los hermanos. Lo que m\u00e1s enamora a ambos de este lugar es, sin duda, su tranquilidad. Su caracter\u00edstica <strong>forma de media luna<\/strong>, estrat\u00e9gicamente encajonada entre un peque\u00f1o puerto local y unos acantilados, funciona como un escudo natural que garantiza unas aguas inusualmente calmadas, perfectas para darse un ba\u00f1o sin pelear con las olas.<\/p>\n<p class=\"v-d-p\" style=\"\">Con la bajamar, la arena \u2014de un tono gris\u00e1ceo casi lunar\u2014 se expande creando una enorme explanada suave por la que los hermanos suelen pasear al atardecer. Sus <strong>300 metros de longitud<\/strong> est\u00e1n abrazados por un cuidado paseo mar\u00edtimo, ideal para recorrer a pie cuando cae el sol y disfrutar de la brisa atl\u00e1ntica antes de descubrir los secretos hist\u00f3ricos que esconde su entorno.<\/p>\n<p>\nLa playa de Canido: un para\u00edso de historia romana y tradici\u00f3n marinera\n<\/p>\n<p class=\"v-d-p\" style=\"\">Hablamos de la playa de Canido, situada en la parroquia de <strong>San Miguel de Oia (Pontevedra)<\/strong>. El encanto de esta zona no se acaba en la toalla. Tras el chapuz\u00f3n, el entorno ofrece un viaje en el tiempo que justifica por s\u00ed solo la visita. A un paso del mar se encuentra la villa romana de <strong>Toralla<\/strong>, una joya arqueol\u00f3gica de los siglos IV y V. Declarada <strong>Bien de Inter\u00e9s Cultural (BIC)<\/strong>, tiene el asombroso privilegio de ser la \u00fanica de toda Galicia que ha sido excavada en su totalidad.<\/p>\n<p class=\"v-d-p\" style=\"\">Adem\u00e1s, el paisaje rural de esta parroquia mantiene intacta su esencia m\u00e1s tradicional. En un radio de apenas siete kil\u00f3metros cuadrados, el visitante puede cruzarse con hasta <strong>154 h\u00f3rreos<\/strong> hist\u00f3ricos y decenas de cruceiros, una aut\u00e9ntica exhibici\u00f3n de arquitectura popular gallega al aire libre. Todo ello enmarcado en un pueblo de profunda tradici\u00f3n pesquera y conservera, donde ver a los marineros salir a faenar es parte de la rutina diaria.<\/p>\n<p class=\"v-d-p\" style=\"\">Esta cercan\u00eda al mar garantiza que en los restaurantes locales el producto salte directamente del agua al plato, con<strong> las ostras, las n\u00e9coras y las cigalas<\/strong> como <strong>reyes indiscutibles de la gastronom\u00eda de la zona<\/strong>.<\/p>\n<p class=\"v-d-p\" style=\"\">Para quienes busquen ir un paso m\u00e1s all\u00e1 de la arena de Canido, el entorno del vecino Cabo Estai esconde <strong>calas a\u00fan m\u00e1s rec\u00f3nditas, como A Sobreira y O Xunqueiro<\/strong>. <\/p>\n","protected":false},"excerpt":{"rendered":"Incluso las grandes estrellas necesitan un lugar donde desconectar el tel\u00e9fono, huir del asfalto y pisar la arena&hellip;\n","protected":false},"author":2,"featured_media":668701,"comment_status":"","ping_status":"","sticky":false,"template":"","format":"standard","meta":{"footnotes":""},"categories":[174],"tags":[55096,23350,255,21749,146,147,25,24,256,25211,3142,5264,60,63760,1684,776,23711,23349,23],"class_list":["post-668700","post","type-post","status-publish","format-standard","has-post-thumbnail","category-famosos","tag-ambrossi","tag-baixas","tag-celebrities","tag-enamora","tag-entertainment","tag-entretenimiento","tag-es","tag-espana","tag-famosos","tag-gallega","tag-garcia","tag-javier","tag-macarena","tag-marisco","tag-mejor","tag-playa","tag-plenas","tag-rias","tag-spain"],"share_on_mastodon":{"url":"https:\/\/pubeurope.com\/@es\/116954919287162795","error":""},"_links":{"self":[{"href":"https:\/\/www.europesays.com\/es\/wp-json\/wp\/v2\/posts\/668700","targetHints":{"allow":["GET"]}}],"collection":[{"href":"https:\/\/www.europesays.com\/es\/wp-json\/wp\/v2\/posts"}],"about":[{"href":"https:\/\/www.europesays.com\/es\/wp-json\/wp\/v2\/types\/post"}],"author":[{"embeddable":true,"href":"https:\/\/www.europesays.com\/es\/wp-json\/wp\/v2\/users\/2"}],"replies":[{"embeddable":true,"href":"https:\/\/www.europesays.com\/es\/wp-json\/wp\/v2\/comments?post=668700"}],"version-history":[{"count":0,"href":"https:\/\/www.europesays.com\/es\/wp-json\/wp\/v2\/posts\/668700\/revisions"}],"wp:featuredmedia":[{"embeddable":true,"href":"https:\/\/www.europesays.com\/es\/wp-json\/wp\/v2\/media\/668701"}],"wp:attachment":[{"href":"https:\/\/www.europesays.com\/es\/wp-json\/wp\/v2\/media?parent=668700"}],"wp:term":[{"taxonomy":"category","embeddable":true,"href":"https:\/\/www.europesays.com\/es\/wp-json\/wp\/v2\/categories?post=668700"},{"taxonomy":"post_tag","embeddable":true,"href":"https:\/\/www.europesays.com\/es\/wp-json\/wp\/v2\/tags?post=668700"}],"curies":[{"name":"wp","href":"https:\/\/api.w.org\/{rel}","templated":true}]}}