{"id":668884,"date":"2026-07-21T02:19:26","date_gmt":"2026-07-21T02:19:26","guid":{"rendered":"https:\/\/www.europesays.com\/es\/668884\/"},"modified":"2026-07-21T02:19:26","modified_gmt":"2026-07-21T02:19:26","slug":"la-reaccion-de-unai-simon-cuando-zubimendi-le-ofrece-besar-la-bandera-de-la-real-sociedad","status":"publish","type":"post","link":"https:\/\/www.europesays.com\/es\/668884\/","title":{"rendered":"La reacci\u00f3n de Unai Sim\u00f3n cuando Zubimendi le ofrece besar la bandera de la Real Sociedad"},"content":{"rendered":"<p style=\"\">La celebraci\u00f3n de La Roja en Madrid ha dejado momentos memorables. Uno de ellos lo han protagonizado Mikel Oyarzabal, Zubimendi y Unai Sim\u00f3n. Los jugadores  &#8230; de la Real Sociedad ten\u00edan una bandera del equipo txuri-urdin. El de San Sebasti\u00e1n no ha dudado en besar la insignia y darse dos palmadas en el pecho, dejando ver que lleva al equipo en el coraz\u00f3n. <\/p>\n<p class=\"v-d-p\" style=\"\">Justo despu\u00e9s de esa acci\u00f3n, Zubimendi le ha ofrecido la bandera al portero del Athletic para que la besara. El meta ha hecho el amago de acercarse, pero se ha retirado de inmediato entre risas. <\/p>\n<p class=\"v-d-p\" style=\"\">Sim\u00f3n, al igual que sus compa\u00f1eros, se lo ha pasado en grande a bordo del autob\u00fas que ha recorrido las calles de Madrid entre una multitud de hinchas de La Roja. En un momento de la celebraci\u00f3n, el portero se ha <a href=\"https:\/\/www.elcorreo.com\/deportes\/futbol\/mundial\/marcha-unai-simon-pico-yeremy-pino-baile-20260720220603-nt.html\" data-voc-vtm-id=\"in-text-traffic\" data-mrf-link=\"www.elcorreo.com\" rel=\"nofollow noopener\" target=\"_blank\">puesto una txapela roja con el escudo del Athletic<\/a> y se ha marcado un baile al ritmo de m\u00fasica techno. <\/p>\n<p class=\"v-d-p\" style=\"\">El de Murgia, adem\u00e1s, tambi\u00e9n ha protagonizado otro divertido momento con Yeremy Pino, con el que se ha dado un pico. <\/p>\n","protected":false},"excerpt":{"rendered":"La celebraci\u00f3n de La Roja en Madrid ha dejado momentos memorables. Uno de ellos lo han protagonizado Mikel&hellip;\n","protected":false},"author":2,"featured_media":668885,"comment_status":"","ping_status":"","sticky":false,"template":"","format":"standard","meta":{"footnotes":""},"categories":[268],"tags":[13281,86090,1571,168,6727,25,24,280,282,798,4800,281,492,23,167,15267,57186],"class_list":["post-668884","post","type-post","status-publish","format-standard","has-post-thumbnail","category-futbol","tag-bandera","tag-bese","tag-cobra","tag-deportes","tag-dice","tag-es","tag-espana","tag-football","tag-futbol","tag-real","tag-simon","tag-soccer","tag-sociedad","tag-spain","tag-sports","tag-unai","tag-zubimendi"],"share_on_mastodon":{"url":"https:\/\/pubeurope.com\/@es\/116955576316383550","error":""},"_links":{"self":[{"href":"https:\/\/www.europesays.com\/es\/wp-json\/wp\/v2\/posts\/668884","targetHints":{"allow":["GET"]}}],"collection":[{"href":"https:\/\/www.europesays.com\/es\/wp-json\/wp\/v2\/posts"}],"about":[{"href":"https:\/\/www.europesays.com\/es\/wp-json\/wp\/v2\/types\/post"}],"author":[{"embeddable":true,"href":"https:\/\/www.europesays.com\/es\/wp-json\/wp\/v2\/users\/2"}],"replies":[{"embeddable":true,"href":"https:\/\/www.europesays.com\/es\/wp-json\/wp\/v2\/comments?post=668884"}],"version-history":[{"count":0,"href":"https:\/\/www.europesays.com\/es\/wp-json\/wp\/v2\/posts\/668884\/revisions"}],"wp:featuredmedia":[{"embeddable":true,"href":"https:\/\/www.europesays.com\/es\/wp-json\/wp\/v2\/media\/668885"}],"wp:attachment":[{"href":"https:\/\/www.europesays.com\/es\/wp-json\/wp\/v2\/media?parent=668884"}],"wp:term":[{"taxonomy":"category","embeddable":true,"href":"https:\/\/www.europesays.com\/es\/wp-json\/wp\/v2\/categories?post=668884"},{"taxonomy":"post_tag","embeddable":true,"href":"https:\/\/www.europesays.com\/es\/wp-json\/wp\/v2\/tags?post=668884"}],"curies":[{"name":"wp","href":"https:\/\/api.w.org\/{rel}","templated":true}]}}