{"id":668898,"date":"2026-07-21T02:32:18","date_gmt":"2026-07-21T02:32:18","guid":{"rendered":"https:\/\/www.europesays.com\/es\/668898\/"},"modified":"2026-07-21T02:32:18","modified_gmt":"2026-07-21T02:32:18","slug":"las-llamas-siguen-calcinando-aragon-con-otro-incendio-en-ejulve-la-ume-activada-y-tres-masias-desalojadas-la-cosa-esta-regular-tirando-a-mal","status":"publish","type":"post","link":"https:\/\/www.europesays.com\/es\/668898\/","title":{"rendered":"Las llamas siguen calcinando Arag\u00f3n con otro incendio en Ejulve, la UME activada y tres mas\u00edas desalojadas: \u00abLa cosa est\u00e1 regular tirando a mal\u00bb"},"content":{"rendered":"<p class=\"ft-text ft-helper-closenews\">Arag\u00f3n sigue afrontando uno de los veranos m\u00e1s complejos que se recuerdan en t\u00e9rminos de incendios forestales. Con el gran foco de las Cinco Villas todav\u00eda sin controlar, el operativo de extinci\u00f3n de la comunidad trabaja desde las 17.45 horas de este lunes en un nuevo fuego declarado en el <strong>t\u00e9rmino municipal de Ejulve<\/strong>, en la comarca de Andorra-Sierra de Arcos. <\/p>\n<p class=\"ft-text\">A \u00faltima hora y ante su avance, se ha <strong>activado la Unidad Militar de Emergencias y se han desalojado tres mas\u00edas de la zona.<\/strong><\/p>\n<p class=\"ft-text\">Adem\u00e1s, se est\u00e1 extremando la vigilancia por si fuera necesario evacuar alg\u00fan municipio, seg\u00fan fuentes de la DGA.<\/p>\n<p class=\"ft-text\">En las labores de extinci\u00f3n intervienen tambi\u00e9n cuatro medios a\u00e9reos, tres brigadas helitransportadas, seis brigadas terrestres, siete autobombas y un bulldozer. El fuego permanece activo se estima que<strong> ya han ardido 170 hect\u00e1reas<\/strong>. <\/p>\n<p class=\"ft-text\">En estos casos, la r\u00e1pida respuesta es fundamentar para controlar el per\u00edmetro antes de que supere la <strong>capacidad de extinci\u00f3n<\/strong>. Las tareas de contenci\u00f3n seguir\u00e1n durante todo el martes con m\u00e1s capacidad de ataque desde el cielo. <\/p>\n<p class=\"ft-text\">La preocupaci\u00f3n entre los vecinos es importante. La concejal Pilar Mart\u00edn evidencia que el peligro a\u00fan est\u00e1 por llegar. \u00ab<strong>La cosa est\u00e1 regular tirando a mal\u00bb, resume, pues el frente avanza en direcci\u00f3n de Ca\u00f1izar del Olivar<\/strong>. El Gobierno de Arag\u00f3n ha confirmado que se ha cortado la circulaci\u00f3n en<strong> la carretera A-1702 entre los puntos kilom\u00e9tricos 10 y 27<\/strong>.<\/p>\n<p class=\"ft-text\">La zona en la que se han declarado las llamas, en <strong>el puerto de Majalinos,<\/strong> ya se vio afectada por uno de los grandes incendios forestales de la comunidad. En aquel momento quedaron calcinadas casi 7.000 hect\u00e1reas en julio de 2009 y con el paso de los a\u00f1os ha sido recuperada con una nueva<strong> cubierta vegetal.<\/strong> En este momento la actividad de extinci\u00f3n se centra en<strong> proteger las mas\u00edas<\/strong> que se encuentran en el \u00e1rea de avance del fuego, seg\u00fan ha destacado el consejero de Medio Ambiente, Lu\u00eds Biendicho. \u00abEl fuego avanza con rapidez porque es una zona reforestada\u00bb, ha se\u00f1alado el responsable del Ejecutivo. <\/p>\n<p class=\"ft-text\">Durante la noche permanecer\u00e1 trabajando el operativo terrestre ya desplegado y, de cara a este martes, est\u00e1 prevista la incorporaci\u00f3n de <strong>un avi\u00f3n bombardero con base en Caravaca<\/strong>\u00a0y <strong>dos aviones de carga en tierra<\/strong>, que reforzar\u00e1n los medios a\u00e9reos y terrestres ya movilizados.<\/p>\n<p class=\"ft-text\">La previsi\u00f3n meteorol\u00f3gica para la noche contempla vientos cambiantes, inicialmente de componente <strong>suroeste<\/strong>, con rachas de hasta <strong>40 kil\u00f3metros por hora<\/strong>. Durante la jornada del martes se espera la entrada de viento de componente <strong>este<\/strong>\u00a0y un descenso de la humedad relativa hasta valores del <strong>20-25%<\/strong>, condiciones que ser\u00e1n objeto de seguimiento por parte de la direcci\u00f3n de extinci\u00f3n.<\/p>\n<p class=\"ft-text\">La comunidad se encuentra en este momento en alerta roja en 20 zonas de la comunidad por las condiciones de calor. En el resto del territorio, como en el \u00e1rea en la que se ha declarado este nuevo fuego, se mantiene en<strong>\u00a0nivel naranja.<\/strong>\u00a0<\/p>\n<p data-close=\"closedContent\" class=\"subscribeHideForDisplay\">Suscr\u00edbete para seguir leyendo<\/p>\n","protected":false},"excerpt":{"rendered":"Arag\u00f3n sigue afrontando uno de los veranos m\u00e1s complejos que se recuerdan en t\u00e9rminos de incendios forestales. Con&hellip;\n","protected":false},"author":2,"featured_media":668899,"comment_status":"","ping_status":"","sticky":false,"template":"","format":"standard","meta":{"footnotes":""},"categories":[8],"tags":[4499,17,18,121836,25,24,13,14,11,117738,19,20,9448,9,10,15,16,524,7768,23,12,21,22],"class_list":["post-668898","post","type-post","status-publish","format-standard","has-post-thumbnail","category-espana","tag-aragon","tag-breaking-news","tag-breakingnews","tag-calcinando","tag-es","tag-espana","tag-featured-news","tag-featurednews","tag-headlines","tag-las-llamas","tag-latest-news","tag-latestnews","tag-llamas","tag-news","tag-noticias","tag-noticias-destacadas","tag-noticiasdestacadas","tag-nuevo","tag-siguen","tag-spain","tag-titulares","tag-ultimas-noticias","tag-ultimasnoticias"],"share_on_mastodon":{"url":"https:\/\/pubeurope.com\/@es\/116955627506786338","error":""},"_links":{"self":[{"href":"https:\/\/www.europesays.com\/es\/wp-json\/wp\/v2\/posts\/668898","targetHints":{"allow":["GET"]}}],"collection":[{"href":"https:\/\/www.europesays.com\/es\/wp-json\/wp\/v2\/posts"}],"about":[{"href":"https:\/\/www.europesays.com\/es\/wp-json\/wp\/v2\/types\/post"}],"author":[{"embeddable":true,"href":"https:\/\/www.europesays.com\/es\/wp-json\/wp\/v2\/users\/2"}],"replies":[{"embeddable":true,"href":"https:\/\/www.europesays.com\/es\/wp-json\/wp\/v2\/comments?post=668898"}],"version-history":[{"count":0,"href":"https:\/\/www.europesays.com\/es\/wp-json\/wp\/v2\/posts\/668898\/revisions"}],"wp:featuredmedia":[{"embeddable":true,"href":"https:\/\/www.europesays.com\/es\/wp-json\/wp\/v2\/media\/668899"}],"wp:attachment":[{"href":"https:\/\/www.europesays.com\/es\/wp-json\/wp\/v2\/media?parent=668898"}],"wp:term":[{"taxonomy":"category","embeddable":true,"href":"https:\/\/www.europesays.com\/es\/wp-json\/wp\/v2\/categories?post=668898"},{"taxonomy":"post_tag","embeddable":true,"href":"https:\/\/www.europesays.com\/es\/wp-json\/wp\/v2\/tags?post=668898"}],"curies":[{"name":"wp","href":"https:\/\/api.w.org\/{rel}","templated":true}]}}