{"id":669052,"date":"2026-07-21T05:35:32","date_gmt":"2026-07-21T05:35:32","guid":{"rendered":"https:\/\/www.europesays.com\/es\/669052\/"},"modified":"2026-07-21T05:35:32","modified_gmt":"2026-07-21T05:35:32","slug":"jordi-cruz-responde-a-patricia-conde-por-sus-criticas-a-masterchef-youtube","status":"publish","type":"post","link":"https:\/\/www.europesays.com\/es\/669052\/","title":{"rendered":"Jordi Cruz responde a Patricia Conde por sus cr\u00edticas a MasterChef &#8211; YouTube"},"content":{"rendered":"<ol>\n<li><a href=\"https:\/\/news.google.com\/rss\/articles\/CBMiVEFVX3lxTE5JTDI3c2paS1JuNXB6VTJsT2VqWm9UNGp0ZkQyalFFdHdFRDF1c3hKT19JS3ZHQ0pxZGJHYVFxb3Z6UXhkM0xZOTdiYlc5X3dLSDNxdQ?oc=5\" target=\"_blank\" rel=\"nofollow noopener\">Jordi Cruz responde a Patricia Conde por sus cr\u00edticas a MasterChef<\/a>&nbsp;&nbsp;YouTube<\/li>\n<li><a href=\"https:\/\/news.google.com\/rss\/articles\/CBMisgFBVV95cUxQQXBSMVVGM0lqcTBJUGdGemZfel9pS0d4Y2pJcmxlc2hQMGllLTBwcHpmTlgyaGdzanlqWk5UMk5DSTNBRi1RcnV3VVVmMlk5cHUwTEJ4UnVxSXhrclV6Tk9Nb2RWVGpzd2cyTWttc0Q4aGh3TUozWVVqTEc2aHJ1UEFTdEZCZGd1VGxReXVtMzFxa1lZUzg3eW4tSlg3VzVvdnVELUV2UWMzZXNJVGNlMUVR?oc=5\" target=\"_blank\" rel=\"nofollow noopener\">Jordi Cruz responde a Patricia Conde tras sus palabras sobre &#8216;MasterChef&#8217; hace cuatro a\u00f1os: \u00abYo s\u00e9 lo que le pas\u00f3\u00bb<\/a>&nbsp;&nbsp;HOLA<\/li>\n<li><a href=\"https:\/\/news.google.com\/rss\/articles\/CBMiyAFBVV95cUxPNjh6NlZPcmhqRjNZM0xQV3ZpOFBqRUlqSkk4bW5VSjJkdW5FOE9UblhJNEJhNll2c19sbUpLdE5VemJ2TVh1MEJIOFJCS2p6Yy1lcFRFNV9sZ3d3UUVheGN4Y0J5NnlfaXF1eEw0S0tmd29aUjJpcVp6VzVtaG5lMmJnTHdUR21veWlfaTNMWVNyLW1BWE00djg0TFgzMzZvLVI3ckVOZERDS0NVUXRPekcxZ1dEMWstOURCdVFDeTdlRUZsRXBWWQ?oc=5\" target=\"_blank\" rel=\"nofollow noopener\">Jordi Cruz rechaza las acusaciones de Patricia Conde contra &#8216;MasterChef&#8217;: \u00abYo s\u00e9 lo que le pas\u00f3, pero nunca lo contar\u00e9\u00bb<\/a>&nbsp;&nbsp;elDiario.es<\/li>\n<li><a href=\"https:\/\/news.google.com\/rss\/articles\/CBMieEFVX3lxTE9NRVJnZG1kNmZ6c1NhNU9Tcng5NjFDYnJtYVZQc3IwOHFTbVlVazZuNnZhSW5hVnFPWVg1bElFVUwzbDlLQlFXSXBFSW5HR0ZWWjV1dWJQZzdxNFR1dFFCTEhIT2VBS1I5TksxRk51SUZFYmhEOVdsOQ?oc=5\" target=\"_blank\" rel=\"nofollow noopener\">Jordi Cruz, juez de &#8216;MasterChef&#8217;: \u00abYo s\u00e9 lo que le pas\u00f3 a Patricia Conde, pero voy a ser un se\u00f1or y nunca lo contar\u00e9\u00bb<\/a>&nbsp;&nbsp;SensaCine<\/li>\n<li><a href=\"https:\/\/news.google.com\/rss\/articles\/CBMiyAFBVV95cUxOWUV5Z2Znajl0UGFvaDU5QXA4b2o1UWlwVlFTQ0FTM3R6b2JiaExSVG9PZ2ZVYXNqaUlxQklhV3hrLW1Pb3AzVW12MVNrcU9BVHZ5cmpEXzYwMjR2VWt2MEFXRldpdGZaeEpabmJRVUZzWVRzOFhET3dQT05GTDVYVEp0dUE4V0pOajZ5Qm1LbW51REhtNGpqTl8zRERZc0tnUnAwUVlDYVNvZDYzaTZfajU1SlpkeE0tMjhxSWJELWZPS1lQRVZxMA?oc=5\" target=\"_blank\" rel=\"nofollow noopener\">Jordi Cruz dispara contra las \u00abmentiras\u00bb de Patricia Conde: desmonta las cr\u00edticas a &#8216;MasterChef&#8217; y vapulea a sus detractores<\/a>&nbsp;&nbsp;El Confidencial<\/li>\n<\/ol>\n","protected":false},"excerpt":{"rendered":"Jordi Cruz responde a Patricia Conde por sus cr\u00edticas a MasterChef&nbsp;&nbsp;YouTube Jordi Cruz responde a Patricia Conde tras&hellip;\n","protected":false},"author":2,"featured_media":669053,"comment_status":"","ping_status":"","sticky":false,"template":"","format":"standard","meta":{"footnotes":""},"categories":[171],"tags":[6699,12209,121860,146,147,25,24,102902,109638,121859,1448,23,214],"class_list":["post-669052","post","type-post","status-publish","format-standard","has-post-thumbnail","category-tv","tag-cadena-ser","tag-carrusel","tag-el-larguero","tag-entertainment","tag-entretenimiento","tag-es","tag-espana","tag-hora-25","tag-hoy-por-hoy","tag-la-ventana","tag-radio","tag-spain","tag-tv"],"share_on_mastodon":{"url":"https:\/\/pubeurope.com\/@es\/116956346815987863","error":""},"_links":{"self":[{"href":"https:\/\/www.europesays.com\/es\/wp-json\/wp\/v2\/posts\/669052","targetHints":{"allow":["GET"]}}],"collection":[{"href":"https:\/\/www.europesays.com\/es\/wp-json\/wp\/v2\/posts"}],"about":[{"href":"https:\/\/www.europesays.com\/es\/wp-json\/wp\/v2\/types\/post"}],"author":[{"embeddable":true,"href":"https:\/\/www.europesays.com\/es\/wp-json\/wp\/v2\/users\/2"}],"replies":[{"embeddable":true,"href":"https:\/\/www.europesays.com\/es\/wp-json\/wp\/v2\/comments?post=669052"}],"version-history":[{"count":0,"href":"https:\/\/www.europesays.com\/es\/wp-json\/wp\/v2\/posts\/669052\/revisions"}],"wp:featuredmedia":[{"embeddable":true,"href":"https:\/\/www.europesays.com\/es\/wp-json\/wp\/v2\/media\/669053"}],"wp:attachment":[{"href":"https:\/\/www.europesays.com\/es\/wp-json\/wp\/v2\/media?parent=669052"}],"wp:term":[{"taxonomy":"category","embeddable":true,"href":"https:\/\/www.europesays.com\/es\/wp-json\/wp\/v2\/categories?post=669052"},{"taxonomy":"post_tag","embeddable":true,"href":"https:\/\/www.europesays.com\/es\/wp-json\/wp\/v2\/tags?post=669052"}],"curies":[{"name":"wp","href":"https:\/\/api.w.org\/{rel}","templated":true}]}}