{"id":669187,"date":"2026-07-21T07:51:10","date_gmt":"2026-07-21T07:51:10","guid":{"rendered":"https:\/\/www.europesays.com\/es\/669187\/"},"modified":"2026-07-21T07:51:10","modified_gmt":"2026-07-21T07:51:10","slug":"salvador-sobral-cumplira-en-gijon-su-sueno-de-tener-una-banda","status":"publish","type":"post","link":"https:\/\/www.europesays.com\/es\/669187\/","title":{"rendered":"Salvador Sobral cumplir\u00e1 en Gij\u00f3n su sue\u00f1o de \u00abtener una banda\u00bb"},"content":{"rendered":"<p style=\"\">El cantante y compositor portugu\u00e9s <a href=\"https:\/\/www.elcomercio.es\/gijon\/arcu-atlantico-convierte-escaparate-cultural-presencia-irlandesa-20260717124813-nt.html\" title=\"\" data-voc-vtm-id=\"in-text-traffic\" data-mrf-link=\"www.elcomercio.es\" rel=\"nofollow noopener\" target=\"_blank\">Salvador Sobral <\/a>y el grupo de rock alternativo First Breath After Coma presentar\u00e1n el pr\u00f3ximo lunes 27 de julio en  &#8230; el festival <a href=\"https:\/\/www.elcomercio.es\/gijon\/arcu-atlantico-convierte-escaparate-cultural-presencia-irlandesa-20260717124813-nt.html\" title=\"\" data-voc-vtm-id=\"in-text-traffic\" data-mrf-link=\"www.elcomercio.es\" rel=\"nofollow noopener\" target=\"_blank\">Arcu Atl\u00e1nticu <\/a>(22 horas, plaza Mayor) su proyecto conjunto A Resid\u00eancia, una colaboraci\u00f3n art\u00edstica que ha dado lugar a un disco de igual t\u00edtulo y a su puesta en directo con un espect\u00e1culo que bebe de la improvisaci\u00f3n musical y la perfomance para recrear sobre \u00e9l la intimidad de una sala de ensayos como lugar de creaci\u00f3n. <\/p>\n<p class=\"v-d-p\" style=\"\">Desde el pa\u00eds vecino, Sobral y el vocalista de la banda, Roberto Caetano, explican que el proyecto es el fruto de una residencia art\u00edstica compartida durante dos semanas en el espacio Casa Varela de la ciudad lusa de Pombal. \u00abPart\u00edamos de cero y solo dispon\u00edamos de esos quince d\u00edas para componer y grabar las canciones. Hab\u00eda que crear algo \u00fanico y muy r\u00e1pido, y la verdad es que con Salvador resulta muy c\u00f3modo trabajar, de modo que fue surgiendo todo con mucha facilidad\u00bb, desvela el segundo. Sobral, conocido en Espa\u00f1a por su triunfo en Eurovisi\u00f3n en 2017 y por la gira y disco que realiz\u00f3 con Silvia P\u00e9rez Cruz \u2013con parada el pasado a\u00f1o en la Laboral\u2013 afirma en conversaci\u00f3n con EL COMERCIO: \u00abTener una banda siempre fue mi sue\u00f1o desde la infancia y esta es la experiencia m\u00e1s pr\u00f3xima a ello que tuve. Cuando llegu\u00e9 all\u00ed el primer d\u00eda sent\u00eda que estaba ya con mi banda, a pesar de que yo era el forastero, porque ellos llevan muchos a\u00f1os juntos. Y fue tal como cuenta Roberto, las cosas fueron surgiendo con much\u00edsima facilidad, muy org\u00e1nicamente\u00bb.<\/p>\n<p class=\"v-d-p\" style=\"\">El resultado son ocho canciones creadas colectivamente en unas jornadas vividas de forma muy intensa y en las que, como revelan ambos, \u00ablos micr\u00f3fonos estaban siempre grabando, despu\u00e9s nosotros escuch\u00e1bamos e \u00edbamos decidiendo lo que era bueno. Cuando no sal\u00eda nada nos \u00edbamos a jugar al f\u00fatbol para volver con las ideas frescas. Las m\u00fasicas las fuimos construyendo a poquito y a la vez el escenario. El concierto refleja lo que fueron esos d\u00edas, todo el proceso. Lo \u00fanico que no hacemos es jugar al f\u00fatbol\u00bb, apuntan con humor.<\/p>\n<p class=\"v-d-p\" style=\"\">En cuanto al papel que dejan a la improvisaci\u00f3n, Sobral se\u00f1ala: \u00abEn mi caso no hay nada que yo haga en este oficio que no tenga improvisaci\u00f3n. Y cada concierto pide sus momentos, cosas que pasan solo ah\u00ed y este proyecto no es una excepci\u00f3n\u00bb. Para First Breath After Coma lo suyo \u00abes m\u00e1s bien la exploraci\u00f3n sonora, pero las aportaciones de Salvador han sido muy enriquecedoras, ha tra\u00eddo cosas diferentes. Todo ello ha sumado\u00bb. En ese sentido, aseguran que los egos han quedado fuera de juego. \u00abSolo tengo el ego necesario para poder hacer un concierto confiado en mi voz y lo que entrego. Para m\u00ed este es solo un oficio, como el de panadero o periodista. Y en estos m\u00fasicos amigos solo he encontrado creatividad pura\u00bb, confiesa Sobral, que en octubre sacar\u00e1 un disco con temas in\u00e9ditos de cantantes brasile\u00f1os.<\/p>\n","protected":false},"excerpt":{"rendered":"El cantante y compositor portugu\u00e9s Salvador Sobral y el grupo de rock alternativo First Breath After Coma presentar\u00e1n&hellip;\n","protected":false},"author":2,"featured_media":669188,"comment_status":"","ping_status":"","sticky":false,"template":"","format":"standard","meta":{"footnotes":""},"categories":[174],"tags":[3677,255,50543,146,147,25,24,256,6023,2256,52876,23,3466,9162],"class_list":["post-669187","post","type-post","status-publish","format-standard","has-post-thumbnail","category-famosos","tag-banda","tag-celebrities","tag-cumplira","tag-entertainment","tag-entretenimiento","tag-es","tag-espana","tag-famosos","tag-gijon","tag-salvador","tag-sobral","tag-spain","tag-sueno","tag-tener"],"share_on_mastodon":{"url":"https:\/\/pubeurope.com\/@es\/116956881669652041","error":""},"_links":{"self":[{"href":"https:\/\/www.europesays.com\/es\/wp-json\/wp\/v2\/posts\/669187","targetHints":{"allow":["GET"]}}],"collection":[{"href":"https:\/\/www.europesays.com\/es\/wp-json\/wp\/v2\/posts"}],"about":[{"href":"https:\/\/www.europesays.com\/es\/wp-json\/wp\/v2\/types\/post"}],"author":[{"embeddable":true,"href":"https:\/\/www.europesays.com\/es\/wp-json\/wp\/v2\/users\/2"}],"replies":[{"embeddable":true,"href":"https:\/\/www.europesays.com\/es\/wp-json\/wp\/v2\/comments?post=669187"}],"version-history":[{"count":0,"href":"https:\/\/www.europesays.com\/es\/wp-json\/wp\/v2\/posts\/669187\/revisions"}],"wp:featuredmedia":[{"embeddable":true,"href":"https:\/\/www.europesays.com\/es\/wp-json\/wp\/v2\/media\/669188"}],"wp:attachment":[{"href":"https:\/\/www.europesays.com\/es\/wp-json\/wp\/v2\/media?parent=669187"}],"wp:term":[{"taxonomy":"category","embeddable":true,"href":"https:\/\/www.europesays.com\/es\/wp-json\/wp\/v2\/categories?post=669187"},{"taxonomy":"post_tag","embeddable":true,"href":"https:\/\/www.europesays.com\/es\/wp-json\/wp\/v2\/tags?post=669187"}],"curies":[{"name":"wp","href":"https:\/\/api.w.org\/{rel}","templated":true}]}}