{"id":669197,"date":"2026-07-21T08:00:23","date_gmt":"2026-07-21T08:00:23","guid":{"rendered":"https:\/\/www.europesays.com\/es\/669197\/"},"modified":"2026-07-21T08:00:23","modified_gmt":"2026-07-21T08:00:23","slug":"europa-retira-la-exigencia-de-baterias-reemplazables-por-el-usuario-en-los-smartwatches","status":"publish","type":"post","link":"https:\/\/www.europesays.com\/es\/669197\/","title":{"rendered":"Europa retira la exigencia de bater\u00edas reemplazables por el usuario en los smartwatches"},"content":{"rendered":"<p class=\"c-paragraph\">La Uni\u00f3n Europea quiere alargar la vida \u00fatil de los dispositivos electr\u00f3nicos y <b>evitar que una bater\u00eda degradada condene todo el producto<\/b>. Para conseguirlo, su nuevo <a href=\"https:\/\/www.20minutos.es\/tecnologia\/moviles-dispositivos\/cambios-europa-moviles-2027-baterias-faciles-exige-cambios-reparar-baterias-reemplazables_6958284_0.html\" title=\"Europa obliga a cambiar los m\u00f3viles a partir de 2027: bater\u00edas reemplazables y m\u00e1s f\u00e1ciles de reparar\" target=\"_blank\" rel=\"nofollow noopener\">Reglamento de Bater\u00edas <\/a>establece como norma general que las pilas y bater\u00edas port\u00e1tiles integradas en los equipos deben poder ser retiradas y sustituidas por el propio consumidor.<\/p>\n<p class=\"c-paragraph\">Sin embargo, esta obligaci\u00f3n no se aplicar\u00e1 de la misma forma a muchos wearables. La Comisi\u00f3n Europea ha aprobado un acto delegado que incorpora estos dispositivos a la lista de excepciones y permite que sus bater\u00edas solo tengan que ser accesibles para profesionales independientes. La medida afecta a productos como los <b>smartwatches, las pulseras de actividad, las gafas inteligentes y otros aparatos electr\u00f3nicos integrados en prendas o accesorios<\/b>.<\/p>\n<p class=\"c-paragraph\">Esto significa que Europa no obligar\u00e1 a las marcas a lanzar relojes inteligentes que puedan abrirse f\u00e1cilmente en casa para instalar una bater\u00eda nueva. Los fabricantes podr\u00e1n seguir utilizando carcasas compactas y selladas, siempre que cumplan las condiciones recogidas en la excepci\u00f3n.\u00a0<\/p>\n<p>La bater\u00eda seguir\u00e1 teniendo que poder cambiarse<\/p>\n<p class=\"c-paragraph\">La decisi\u00f3n no autoriza a fabricar dispositivos cuya bater\u00eda sea imposible de reemplazar. El cambio deber\u00e1 seguir pudiendo realizarlo un <b>profesional independiente<\/b>, no necesariamente el servicio t\u00e9cnico oficial de la marca.<\/p>\n<p class=\"c-paragraph\">La diferencia est\u00e1 en qui\u00e9n puede acceder al componente. La norma general europea exige que <b>un usuario adulto sin conocimientos espec\u00edficos pueda retirar la bater\u00eda utilizando herramientas disponibles<\/b> comercialmente, sin recurrir a disolventes, calor o utensilios propietarios. Con la nueva excepci\u00f3n, los relojes y pulseras que cumplan determinados requisitos podr\u00e1n reservar ese procedimiento a t\u00e9cnicos cualificados.<\/p>\n<p class=\"c-paragraph\">Adem\u00e1s, el Reglamento de Bater\u00edas obliga a mantener las bater\u00edas compatibles como piezas de repuesto durante <b>al menos cinco a\u00f1os despu\u00e9s de que se comercialice la \u00faltima unidad de cada modelo<\/b>, \u00aba un precio razonable y no discriminatorio\u00bb. Tambi\u00e9n proh\u00edbe utilizar el software para bloquear la instalaci\u00f3n de una bater\u00eda compatible.<\/p>\n<p class=\"c-paragraph\">Por tanto, un smartwatch no deber\u00eda convertirse autom\u00e1ticamente en un residuo cuando su autonom\u00eda empiece a caer. El usuario podr\u00e1 solicitar la sustituci\u00f3n, aunque puede depender de un taller y asumir el coste de la intervenci\u00f3n.\u00a0<\/p>\n<p>No todos los relojes estar\u00e1n exentos autom\u00e1ticamente<\/p>\n<p class=\"c-paragraph\">El acto delegado no concede una excepci\u00f3n incondicional a cualquier dispositivo que pueda llevarse en la mu\u00f1eca. Los fabricantes podr\u00e1n acogerse a ella cuando el acceso del usuario a la bater\u00eda pueda comprometer <b>la seguridad, la durabilidad o la resistencia al agua<\/b> del producto.<\/p>\n<p class=\"c-paragraph\">Tambi\u00e9n deber\u00e1n darse una de estas dos circunstancias: <b>que el dispositivo sea demasiado peque\u00f1o <\/b>para que el consumidor manipule la bater\u00eda correctamente y con seguridad, o que dependa de una carcasa compacta y sellada para <b>protegerse del polvo, los golpes y otros elementos externos<\/b>.<\/p>\n<p class=\"c-paragraph\">La Comisi\u00f3n argumenta que la miniaturizaci\u00f3n de los wearables obliga a encapsular algunas bater\u00edas en espacios muy reducidos.<b> Intentar retirarlas podr\u00eda da\u00f1arlas o perforarlas<\/b>, especialmente cuando el dise\u00f1o anat\u00f3mico o ergon\u00f3mico del dispositivo dificulta una construcci\u00f3n alternativa.<\/p>\n<p class=\"c-paragraph\">A esta excepci\u00f3n se suma la que ya exist\u00eda para los denominados aparatos h\u00famedos, dise\u00f1ados para funcionar habitualmente bajo salpicaduras, chorros de agua o inmersi\u00f3n. Dependiendo de sus caracter\u00edsticas, <b>un reloj, unos auriculares inal\u00e1mbricos o una banda de frecuencia cardiaca<\/b> tambi\u00e9n pueden entrar en esta categor\u00eda.\u00a0<\/p>\n<p class=\"c-paragraph\">La Comisi\u00f3n ha a\u00f1adido otras categor\u00edas a la lista de excepciones, entre ellas <b>ciertos juguetes el\u00e9ctricos, sondas termom\u00e9tricas <\/b>inal\u00e1mbricas para alimentos, sistemas corporales de administraci\u00f3n de medicamentos y equipos destinados a funcionar en atm\u00f3sferas potencialmente explosivas.<\/p>\n<p>Una rebaja frente a la obligaci\u00f3n prevista para 2027<\/p>\n<p class=\"c-paragraph\">El art\u00edculo 11 del Reglamento europeo de Bater\u00edas comenzar\u00e1 a aplicarse el <b>18 de febrero de 2027<\/b>. Su objetivo inicial es<b> combatir la obsolescencia prematura<\/b>: cuando una bater\u00eda pierde capacidad, el consumidor deber\u00eda poder reemplazarla y continuar utilizando el producto, en lugar de comprar uno nuevo. La facilidad para extraerla tambi\u00e9n simplifica la recogida y el reciclaje al final de su vida \u00fatil.<\/p>\n<p class=\"c-paragraph\">La excepci\u00f3n supone una rebaja de esa exigencia para los dispositivos &#8216;llevables&#8217;.<b> No elimina completamente su reparabilidad, pero s\u00ed impide que el derecho a sustituir la bater\u00eda llegue directamente al propietario<\/b> en los modelos acogidos a la derogaci\u00f3n.<\/p>\n<p class=\"c-paragraph\">La propia Comisi\u00f3n reconoce adem\u00e1s otro problema: las peque\u00f1as bater\u00edas de litio pueden provocar incendios si los wearables se tiran junto al resto de residuos y llegan a las plantas de tratamiento sin que el componente haya sido retirado. Sus nuevas directrices insisten en que, incluso en los productos exentos, la bater\u00eda debe poder separarse por medio de profesionales independientes.\u00a0<\/p>\n<p>La decisi\u00f3n todav\u00eda puede ser bloqueada<\/p>\n<p class=\"c-paragraph\">El Parlamento Europeo y el Consejo de la Uni\u00f3n Europea tienen, en principio, <b>hasta el 14 de octubre de 2026 <\/b>para presentar objeciones al acto delegado, aunque cualquiera de las dos instituciones puede ampliar el plazo otros dos meses.\u00a0<\/p>\n<p class=\"c-paragraph\">Si ninguna lo bloquea, el texto se publicar\u00e1 en el Diario Oficial de la UE y entrar\u00e1 en vigor 20 d\u00edas despu\u00e9s. La excepci\u00f3n deber\u00e1 estar operativa cuando las exigencias europeas sobre la sustituci\u00f3n de bater\u00edas comiencen a aplicarse, el 18 de febrero de 2027.<\/p>\n","protected":false},"excerpt":{"rendered":"La Uni\u00f3n Europea quiere alargar la vida \u00fatil de los dispositivos electr\u00f3nicos y evitar que una bater\u00eda degradada&hellip;\n","protected":false},"author":2,"featured_media":669198,"comment_status":"","ping_status":"","sticky":false,"template":"","format":"standard","meta":{"footnotes":""},"categories":[81],"tags":[49675,121875,119,123,124,1708,101049,25,24,64518,121877,121878,121874,121876,117,121,122,1657,23,118,120,1617,28176],"class_list":["post-669197","post","type-post","status-publish","format-standard","has-post-thumbnail","category-ciencia-y-tecnologia","tag-bateria","tag-baterias-reemplazables","tag-ciencia","tag-ciencia-y-tecnologia","tag-cienciaytecnologia","tag-comision-europea","tag-derecho-a-reparar","tag-es","tag-espana","tag-obsolescencia-programada","tag-pulseras-de-actividad","tag-reglamento-europeo-de-baterias","tag-relojes-inteligentes","tag-reparacion-de-dispositivos","tag-science","tag-science-and-technology","tag-scienceandtechnology","tag-smartwatch","tag-spain","tag-technology","tag-tecnologia","tag-union-europea","tag-wearables"],"share_on_mastodon":{"url":"https:\/\/pubeurope.com\/@es\/116956916942982961","error":""},"_links":{"self":[{"href":"https:\/\/www.europesays.com\/es\/wp-json\/wp\/v2\/posts\/669197","targetHints":{"allow":["GET"]}}],"collection":[{"href":"https:\/\/www.europesays.com\/es\/wp-json\/wp\/v2\/posts"}],"about":[{"href":"https:\/\/www.europesays.com\/es\/wp-json\/wp\/v2\/types\/post"}],"author":[{"embeddable":true,"href":"https:\/\/www.europesays.com\/es\/wp-json\/wp\/v2\/users\/2"}],"replies":[{"embeddable":true,"href":"https:\/\/www.europesays.com\/es\/wp-json\/wp\/v2\/comments?post=669197"}],"version-history":[{"count":0,"href":"https:\/\/www.europesays.com\/es\/wp-json\/wp\/v2\/posts\/669197\/revisions"}],"wp:featuredmedia":[{"embeddable":true,"href":"https:\/\/www.europesays.com\/es\/wp-json\/wp\/v2\/media\/669198"}],"wp:attachment":[{"href":"https:\/\/www.europesays.com\/es\/wp-json\/wp\/v2\/media?parent=669197"}],"wp:term":[{"taxonomy":"category","embeddable":true,"href":"https:\/\/www.europesays.com\/es\/wp-json\/wp\/v2\/categories?post=669197"},{"taxonomy":"post_tag","embeddable":true,"href":"https:\/\/www.europesays.com\/es\/wp-json\/wp\/v2\/tags?post=669197"}],"curies":[{"name":"wp","href":"https:\/\/api.w.org\/{rel}","templated":true}]}}