{"id":669276,"date":"2026-07-21T09:08:13","date_gmt":"2026-07-21T09:08:13","guid":{"rendered":"https:\/\/www.europesays.com\/es\/669276\/"},"modified":"2026-07-21T09:08:13","modified_gmt":"2026-07-21T09:08:13","slug":"rodrigo-de-paul-nuestras-sonrisas-molestan-nuestras-maneras-les-jode","status":"publish","type":"post","link":"https:\/\/www.europesays.com\/es\/669276\/","title":{"rendered":"Rodrigo de Paul: \u00abNuestras sonrisas molestan, nuestras maneras les jode\u00bb"},"content":{"rendered":"<p class=\"ft-text\">La secuelas de la final del Mundial 2026 en la que Espa\u00f1a se impuso a Argentina (1-0) para conquistar su segunda estrella todav\u00eda perduran. <strong>Algunos integrantes de la selecci\u00f3n albiceleste han estado en el ojo del hurac\u00e1n por su actitud durante y despu\u00e9s del encuentro<\/strong> que les midi\u00f3 al conjunto de Luis de la Fuente, y se critic\u00f3 la reacci\u00f3n a la derrota de varios futbolistas y algunos interantes del staff t\u00e9cnico, como Roberto Ayala. <a class=\"ft-link ft-link--decoration\" href=\"https:\/\/www.sport.es\/es\/noticias\/seleccion\/fifa-investigara-argentina-tangana-final-132637745\" rel=\"nofollow noopener\" target=\"_blank\">El acto final ha sido el expediente abierto por la FIFA por las agresiones de Paredes, Molina y el propio Ayala<\/a><strong> y las reacciones, algunas de disgusto, no se hicieron esperar.<\/strong><\/p>\n<p class=\"ft-text\">La prensa del pa\u00eds austral, y en concreto el diario &#8216;Ol\u00e9&#8217;, recog\u00eda <strong>las reflexiones de Rodrigo de Paul, uno de los integrantes del combinado de Lionesl Scaloni con un largo recorrido en LaLiga y en la Serie A y ahora compa\u00f1ero de Leo Messi en el Inter Miami. <\/strong><\/p>\n<p class=\"ft-text\">El exjugador del Atl\u00e9tico de Madrid, el Valencia o el Udinese entre otros equipos, no form\u00f3 parte de la expedici\u00f3n que regres\u00f3 a Buenos Aires para recibir el consuelo de la afici\u00f3n argentina, pero s\u00ed que <strong>lanz\u00f3 un mensaje en el que mostraba su disgusto por el trato recibido por Argentina pues considera que ha sido injusto, fruto de una animadversi\u00f3n a la forma de entender el f\u00fatbol por parte de su pa\u00eds.<\/strong><\/p>\n<p class=\"ft-text\">A trav\u00e9s de su cuenta en Instagram, <strong>De Paul se disculpaba con sus seguidores por la derrota,asegurando que sent\u00eda \u00abel dolor m\u00e1s grande\u00bb <\/strong>por no haber logrado la cuarta estrella para Argentina en la final del MetLife Stadium. A pesar de la tristeza, el centrocampista destaca que \u00abcon el correr de las horas nos van haciendo caer que<strong> la identificaci\u00f3n que tienen con este grupo va m\u00e1s all\u00e1 del trofeo<\/strong> y eso es algo de lo que me quiero agarrar para poder transitar este momento\u00bb.<\/p>\n<p class=\"ft-text\">Y tras los agradecimientos, llegan los reproches al considerar que a lo largo de todo el torneo hubo campa\u00f1as para desacreditar al combinado de Lionel Scaloni y deseando que no consiguiera el objetivo de ganar la Copa del Mundo. \u00ab<strong>Hoy miro cu\u00e1nta gente esperaba esta ca\u00edda, instalando durante toda la copa del mundo conspiraciones infundadas para calmar el dolor de otro por no poder vivir lo que todos los argentinos est\u00e1bamos viviendo, porque nuestras sonrisas molestan, porque nuestras maneras les jode<\/strong>. Pero eso no hizo m\u00e1s que reafirmar que la pasi\u00f3n y el amor por nuestra camiseta puede con todo\u00bb, se refirmaba De Paul.<\/p>\n<p class=\"ft-text\">El internacional de la albiceleste conclu\u00eda sus palabras  ala afici\u00f3n asegurando que <strong>la derrota en la final de Nueva Jersey \u00abme doler\u00e1 mucho tiempo pero hoy m\u00e1s que nunca estoy orgulloso de ser ARGENTINO\u00bb.<\/strong><\/p>\n","protected":false},"excerpt":{"rendered":"La secuelas de la final del Mundial 2026 en la que Espa\u00f1a se impuso a Argentina (1-0) para&hellip;\n","protected":false},"author":2,"featured_media":669277,"comment_status":"","ping_status":"","sticky":false,"template":"","format":"standard","meta":{"footnotes":""},"categories":[93],"tags":[168,25,24,14925,121887,32463,9359,7106,3412,6368,32462,46663,23,167],"class_list":["post-669276","post","type-post","status-publish","format-standard","has-post-thumbnail","category-deportes","tag-deportes","tag-es","tag-espana","tag-maneras","tag-molestan","tag-mundial-2026","tag-paul","tag-rodrigo","tag-rodrigo-de-paul","tag-seleccion-argentina","tag-seleccion-espana","tag-sonrisas","tag-spain","tag-sports"],"share_on_mastodon":{"url":"https:\/\/pubeurope.com\/@es\/116957184516612250","error":""},"_links":{"self":[{"href":"https:\/\/www.europesays.com\/es\/wp-json\/wp\/v2\/posts\/669276","targetHints":{"allow":["GET"]}}],"collection":[{"href":"https:\/\/www.europesays.com\/es\/wp-json\/wp\/v2\/posts"}],"about":[{"href":"https:\/\/www.europesays.com\/es\/wp-json\/wp\/v2\/types\/post"}],"author":[{"embeddable":true,"href":"https:\/\/www.europesays.com\/es\/wp-json\/wp\/v2\/users\/2"}],"replies":[{"embeddable":true,"href":"https:\/\/www.europesays.com\/es\/wp-json\/wp\/v2\/comments?post=669276"}],"version-history":[{"count":0,"href":"https:\/\/www.europesays.com\/es\/wp-json\/wp\/v2\/posts\/669276\/revisions"}],"wp:featuredmedia":[{"embeddable":true,"href":"https:\/\/www.europesays.com\/es\/wp-json\/wp\/v2\/media\/669277"}],"wp:attachment":[{"href":"https:\/\/www.europesays.com\/es\/wp-json\/wp\/v2\/media?parent=669276"}],"wp:term":[{"taxonomy":"category","embeddable":true,"href":"https:\/\/www.europesays.com\/es\/wp-json\/wp\/v2\/categories?post=669276"},{"taxonomy":"post_tag","embeddable":true,"href":"https:\/\/www.europesays.com\/es\/wp-json\/wp\/v2\/tags?post=669276"}],"curies":[{"name":"wp","href":"https:\/\/api.w.org\/{rel}","templated":true}]}}