{"id":66953,"date":"2025-08-23T13:32:09","date_gmt":"2025-08-23T13:32:09","guid":{"rendered":"https:\/\/www.europesays.com\/es\/66953\/"},"modified":"2025-08-23T13:32:09","modified_gmt":"2025-08-23T13:32:09","slug":"el-presidente-de-la-reserva-federal-abre-la-puerta-a-una-bajada-de-tipos-en-su-discurso-anual-en-jackson-hole","status":"publish","type":"post","link":"https:\/\/www.europesays.com\/es\/66953\/","title":{"rendered":"El presidente de la Reserva Federal abre la puerta a una bajada de tipos en su discurso anual en Jackson Hole"},"content":{"rendered":"<ol class=\"table-of-contents\">\n<li><a href=\"#tipos-de-interes\">Tipos de inter\u00e9s<\/a>\n<\/li>\n<li><a href=\"#apuestas-de-los-mercados\">Apuestas de los mercados<\/a>\n<\/li>\n<li><a href=\"#repercusion-en-las-bolsas\">Repercusi\u00f3n en las bolsas<\/a>\n<\/li>\n<li><a href=\"#bajo-la-sombra-de-trump\">Bajo la sombra de Trump<\/a>\n<\/li>\n<\/ol>\n<p>Como cada a\u00f1o, <strong>la Reserva Federal de Kansas City<\/strong> organiza la reuni\u00f3n de banqueros centrales en el resort de <a target=\"_blank\" href=\"https:\/\/www.atalayar.com\/articulo\/economia-y-empresas\/presidente-reserva-federal-jerome-powell-anuncia-que-ha-llegado-momento-bajar-tipos-interes\/20240823185048204452.html\" rel=\"nofollow noopener\"><strong>Jackson Hole<\/strong><\/a>, en las monta\u00f1as de Wyoming (Estados Unidos). Un evento al que acuden los gobernadores de los bancos centrales m\u00e1s importantes del mundo, entre ellos <strong>el presidente de la Reserva Federal, Jerome Powell<\/strong>.<\/p>\n<p>Bajo el t\u00edtulo <strong>\u201cUn mercado laboral en transici\u00f3n: demograf\u00eda, productividad y pol\u00edtica macroecon\u00f3mica\u201d<\/strong>, la edici\u00f3n de este a\u00f1o se desarrolla entre los d\u00edas 21 y 23 de agosto, con la sombra de las malas cifras de empleo en los Estados Unidos y la incertidumbre que se cierne respecto al futuro de los tipos de inter\u00e9s y del propio Jerome Powell, quien finaliza su mandato el pr\u00f3ximo mes de mayo.<\/p>\n<p>Tipos de inter\u00e9s<\/p>\n<p>La intervenci\u00f3n de Powell en Jackson Hole ha abierto la puerta, como preve\u00edan los analistas, a una nueva bajada de los tipos de inter\u00e9s. En el mismo escenario en el que, hace exactamente un a\u00f1o, Powell anunci\u00f3 que hab\u00eda llegado el momento de comenzar a bajar los tipos de inter\u00e9s, <strong>el presidente de la Fed ha indicado que \u201cpuede ser adecuado empezar a ajustar nuestra posici\u00f3n monetaria\u201d, lo que podr\u00eda confirmar que en septiembre se iniciar\u00e1 el recorte.<\/strong><\/p>\n<p>Sin saber c\u00f3mo va a afectar la pol\u00edtica de aranceles de la Administraci\u00f3n Trump a la econom\u00eda estadounidense, con <strong>la inflaci\u00f3n por encima del objetivo de la Fed del 2 % (2,7 % en julio) y con unos datos de empleo en Estados Unidos cada vez m\u00e1s preocupantes<\/strong> (los peores datos de contrataci\u00f3n desde la pandemia), la Reserva Federal se ha debatido, durante los \u00faltimos meses, entre bajar los tipos de inter\u00e9s o mantenerlos.<\/p>\n<p>La bajada de tipos se presenta como la \u00fanica opci\u00f3n de impulsar el crecimiento econ\u00f3mico, aun a riesgo de provocar que el \u00edndice de inflaci\u00f3n se dispare a\u00fan m\u00e1s. \u00c9sta es la propuesta que defiende en presidente Trump, mientras que Powell ha optado por una postura m\u00e1s prudente, de esperar y ver, manteniendo los tipos como est\u00e1n. Una postura que se impuso en las \u00faltimas cinco reuniones del Consejo de la Fed, pese a contar con los primeros votos discordantes en tres d\u00e9cadas en la \u00faltima de ellas.<\/p>\n<p>En su discurso, <strong>Powell tambi\u00e9n ha hecho referencia al impacto de los aranceles en la econom\u00eda estadounidense, con una posible subida de los precios: \u201cesa subida de precios puede ser puntual. Puntual no significa &#8216;toda de golpe&#8217;. Las subidas de precios se seguir\u00e1n notando durante meses, seg\u00fan las empresas y los consumidores digieren el impacto de los aranceles\u201d.<\/strong><\/p>\n<p>Respecto al peligro de que la inflaci\u00f3n se descontrole, el presidente de la Fed ha se\u00f1alado que <strong>\u201cno permitiremos que una subida de precios puntual se convierta en un repunte general de la inflaci\u00f3n\u201d.<\/strong><\/p>\n<p><img decoding=\"async\" width=\"1200\" height=\"675\" alt=\"El presidente de la Reserva Federal, Jerome Powell, comparece ante la prensa tras la reuni\u00f3n del Consejo de la Fed del 30 de julio de 2025 - PHOTO\/FEDERAL RESERVE\" src=\"https:\/\/www.europesays.com\/es\/wp-content\/uploads\/2025\/08\/2025082217543375375.jpg\" loading=\"lazy\"  \/><br \/>\nEl presidente de la Reserva Federal, Jerome Powell, comparece ante la prensa tras la reuni\u00f3n del Consejo de la Fed del 30 de julio de 2025 &#8211; PHOTO\/FEDERAL RESERVE<\/p>\n<p>Apuestas de los mercados<\/p>\n<p>De momento, los analistas han pronosticado que la Reserva Federal bajar\u00e1 los tipos de inter\u00e9s, que actualmente se encuentran en el 4,25 %\/4,50 % un cuarto de punto en su pr\u00f3xima reuni\u00f3n de septiembre; otro cuarto de punto en la de diciembre; y un cuarto de punto m\u00e1s en la de enero, cumpliendo las sugerencias de Trump.<\/p>\n<p>Unas bajas que constituir\u00e1n un incentivo para la econom\u00eda y el d\u00f3lar, pero que pueden comprometer el objetivo de inflaci\u00f3n de la Fed, que en julio ya se superaba por un 0,7 %.<\/p>\n<p>En el caso del Banco Central Europeo, las previsiones apuntan a que los tipos actuales (situados actualmente en el 2,00 %, 2,15 % y 2,40 %) bajar\u00e1n un 0,25 % en septiembre y se mantendr\u00e1n sin cambios durante las siguientes reuniones.<\/p>\n<p>Repercusi\u00f3n en las bolsas<\/p>\n<p>Mientras, los mercados de capitales de todo el mundo han reaccionado de forma positiva a los indicios de bajada de tipos apuntados por el m\u00e1ximo responsable de la Fed. <strong>En Espa\u00f1a, el IBEX 35 segu\u00eda manteni\u00e9ndose por encima de los 15.000 puntos, mientras que el EuroStoxx 50, que ha cotizado en un rango estrecho durante los \u00faltimos d\u00edas, en torno a los 5.450 puntos, rozaba los 5.500 puntos a la hora de escribir este art\u00edculo.<\/strong><\/p>\n<p>No hay que olvidar, adem\u00e1s, que Christine Lagarde est\u00e1 entre los invitados al simposio de Jackson Hole. La presidenta del Banco Central Europeo comparte panel, en la sesi\u00f3n de clausura, el s\u00e1bado 23 de agosto, con el gobernador del Banco de Inglaterra, Andrew Bailey, y con el gobernador del Banco de Jap\u00f3n, Kazuo Ueda.<\/p>\n<p>Habr\u00e1 que esperar a ver c\u00f3mo reaccionan los mercados las declaraciones de Powell y el resto de banqueros centrales en la apertura de la sesi\u00f3n del lunes.<\/p>\n<p><img decoding=\"async\" width=\"1200\" height=\"675\" alt=\"El presidente Donald Trump dialoga con Jerome Powell durante su visita a las obras de la sede de la Reserva Federal, en Washington D. C., el 24 de julio de 2025 - PHOTO\/THE WHITE HOUSE\" src=\"https:\/\/www.europesays.com\/es\/wp-content\/uploads\/2025\/08\/2025082217560758891.jpg\" loading=\"lazy\"  \/><br \/>\nEl presidente Donald Trump dialoga con Jerome Powell durante su visita a las obras de la sede de la Reserva Federal, en Washington D. C., el 24 de julio de 2025 &#8211; PHOTO\/THE WHITE HOUSE<\/p>\n<p>Bajo la sombra de Trump<\/p>\n<p>M\u00e1s all\u00e1 de los indicios sobre la evoluci\u00f3n de la pol\u00edtica monetaria estadounidense, la \u00faltima participaci\u00f3n del presidente de la Fed en esta reuni\u00f3n viene marcada por su enfrentamiento con el presidente de estadounidense, <strong>Donald Trump, quien ha criticado p\u00fablicamente a Powell y ha llegado a pedir su dimisi\u00f3n por no haber emprendido una bajada de tipos de inter\u00e9s que, a juicio del presidente, es lo que necesita la econom\u00eda estadounidense.<\/strong><\/p>\n<p>Lo cierto es que sus \u00faltimos meses al frente del banco central estadounidense no han sido un camino de rosas, especialmente desde el regreso a la Casa Blanca de Donald Trump. <strong>La visita sorpresa que el presidente estadounidense realiz\u00f3 a las obras que se est\u00e1n acometiendo en la sede de la Reserva Federal en Washington (la primera de un presidente estadounidense en casi 20 a\u00f1os), el pasado 24 de julio, no sirvieron para suavizar las tiranteces entre ambos, sino al contrario<\/strong>. El presidente ha criticado el gasto excesivo (2.500 millones de d\u00f3lares) en una reforma que incluye m\u00e1rmoles de primera calidad, jardines en la azotea y ascensores y comedores privados.<\/p>\n<p>Su habitual prudencia a la hora de enfrentarse a decisiones como la bajada de los tipos de inter\u00e9s no la ha sentado bien al presidente, quien ya ha maniobrado para colocar a elementos afines en el Consejo de la Fed.<\/p>\n<p>De hecho, en la reuni\u00f3n de pol\u00edtica monetaria que el Consejo de la Fed celebr\u00f3 el pasado 30 de julio, dos miembros votaron en contra de la propuesta de Powell de mantener los tipos de inter\u00e9s, algo que no suced\u00eda desde el a\u00f1o 1993.<\/p>\n<p>La hip\u00f3tesis de una posible destituci\u00f3n de Powell por parte del mismo presidente que le nombr\u00f3 en 2017 se ha enfriado en los \u00faltimos meses, despu\u00e9s de que el Tribunal Supremo estadounidense fallara el pasado mes de mayo sobre la autoridad de Trump para destituir a los miembros de las agencias gubernamentales independientes.<\/p>\n","protected":false},"excerpt":{"rendered":"Tipos de inter\u00e9s Apuestas de los mercados Repercusi\u00f3n en las bolsas Bajo la sombra de Trump Como cada&hellip;\n","protected":false},"author":2,"featured_media":66954,"comment_status":"","ping_status":"","sticky":false,"template":"","format":"standard","meta":{"footnotes":""},"categories":[80],"tags":[82,352,95,27114,94,25,24,629,27115,4435,338,941,1843,27116,23,5664],"class_list":{"0":"post-66953","1":"post","2":"type-post","3":"status-publish","4":"format-standard","5":"has-post-thumbnail","7":"category-economia","8":"tag-business","9":"tag-donald-trump","10":"tag-economia","11":"tag-economie","12":"tag-economy","13":"tag-es","14":"tag-espana","15":"tag-estados-unidos","16":"tag-etats-unis","17":"tag-federal-reserve","18":"tag-portada","19":"tag-powell","20":"tag-reserva-federal","21":"tag-reserve-federale","22":"tag-spain","23":"tag-united-states"},"share_on_mastodon":{"url":"","error":""},"_links":{"self":[{"href":"https:\/\/www.europesays.com\/es\/wp-json\/wp\/v2\/posts\/66953","targetHints":{"allow":["GET"]}}],"collection":[{"href":"https:\/\/www.europesays.com\/es\/wp-json\/wp\/v2\/posts"}],"about":[{"href":"https:\/\/www.europesays.com\/es\/wp-json\/wp\/v2\/types\/post"}],"author":[{"embeddable":true,"href":"https:\/\/www.europesays.com\/es\/wp-json\/wp\/v2\/users\/2"}],"replies":[{"embeddable":true,"href":"https:\/\/www.europesays.com\/es\/wp-json\/wp\/v2\/comments?post=66953"}],"version-history":[{"count":0,"href":"https:\/\/www.europesays.com\/es\/wp-json\/wp\/v2\/posts\/66953\/revisions"}],"wp:featuredmedia":[{"embeddable":true,"href":"https:\/\/www.europesays.com\/es\/wp-json\/wp\/v2\/media\/66954"}],"wp:attachment":[{"href":"https:\/\/www.europesays.com\/es\/wp-json\/wp\/v2\/media?parent=66953"}],"wp:term":[{"taxonomy":"category","embeddable":true,"href":"https:\/\/www.europesays.com\/es\/wp-json\/wp\/v2\/categories?post=66953"},{"taxonomy":"post_tag","embeddable":true,"href":"https:\/\/www.europesays.com\/es\/wp-json\/wp\/v2\/tags?post=66953"}],"curies":[{"name":"wp","href":"https:\/\/api.w.org\/{rel}","templated":true}]}}