{"id":669553,"date":"2026-07-21T12:36:13","date_gmt":"2026-07-21T12:36:13","guid":{"rendered":"https:\/\/www.europesays.com\/es\/669553\/"},"modified":"2026-07-21T12:36:13","modified_gmt":"2026-07-21T12:36:13","slug":"mediaset-confirma-el-fichaje-de-josep-pedrerol-que-se-muda-con-el-chiringuito-y-su-equipo-actual-de-colaboradores","status":"publish","type":"post","link":"https:\/\/www.europesays.com\/es\/669553\/","title":{"rendered":"Mediaset confirma el fichaje de Josep Pedrerol, que se muda con &#8216;El Chiringuito&#8217; y su equipo actual de colaboradores"},"content":{"rendered":"<p class=\"article-text\">\n        <strong>Mediaset Espa\u00f1a <\/strong>ha anunciado este martes el fichaje de <strong>Josep Pedrerol<\/strong>. El grupo audiovisual y el presentador han firmado un acuerdo de larga duraci\u00f3n por el que el periodista se incorporar\u00e1 a la compa\u00f1\u00eda la pr\u00f3xima temporada para ponerse al frente de <strong>El Chiringuito<\/strong>. De momento, no se confirma la cadena en la que se ver\u00e1 la popular tertulia deportiva, que <a href=\"https:\/\/www.eldiario.es\/vertele\/noticias\/chiringuito-cierra-atresmedia-nuevo-logo-criptico-adios-pedrerol-futuro-vemos-tele_1_13394952.html\" target=\"_blank\" data-mrf-recirculation=\"links-noticia\" class=\"link\" rel=\"nofollow noopener\">este lunes se despidi\u00f3 de Mega<\/a> en un \u00faltimo programa tras la celebraci\u00f3n de Espa\u00f1a por el Mundial.\n    <\/p>\n<p>    <a href=\"https:\/\/www.eldiario.es\/vertele\/noticias\/josep-pedrerol-despide-lasexta-ultimo-jugones-orgullosos-hemos-conseguido_1_13393959.html\" data-mrf-recirculation=\"saber-mas\" data-dl-event=\"saber-mas\" rel=\"nofollow noopener\" target=\"_blank\"><\/p>\n<p class=\"know-more__title\">Josep Pedrerol se despide de laSexta en su \u00faltimo &#8216;Jugones&#8217;: \u00abEstamos orgullosos de lo que hemos conseguido\u00bb<\/p>\n<p>            <img decoding=\"async\" class=\"lazy\" loading=\"lazy\" data-src=\"https:\/\/static.eldiario.es\/clip\/c487c008-c535-455a-81bb-e4e4a7f57530_16-9-aspect-ratio_default_0.jpg\" src=\"data:image\/svg+xml,%3Csvg xmlns=\" http:=\"\" viewbox=\"0 0 880 495\" alt=\"Josep Pedrerol se despide de laSexta en su \u00faltimo 'Jugones': &quot;Estamos orgullosos de lo que hemos conseguido&quot;\"\/><\/p>\n<p>                        <\/a><\/p>\n<p class=\"article-text\">\n        \u201cMediaset no ficha a Josep Pedrerol, ficha a un equipazo de deportes. Llegamos con m\u00e1s ilusi\u00f3n que nunca y el nuevo Chiringuito no dejar\u00e1 indiferente a nadie. <strong>Mediaset era mi asignatura pendiente <\/strong>y me ha dado un cari\u00f1o que no imaginaba. Nos vamos a divertir\u201d, ha asegurado el comunicador en una nota de prensa enviada a los medios.\n    <\/p>\n<p class=\"article-text\">\n        El programa de Pedrerol, que este lunes anunciaba <strong>su nuevo logo e imagen gr\u00e1fica<\/strong>, inicia as\u00ed una nueva etapa en la que contar\u00e1 con su<strong> equipo habitual de colaboradores y mantendr\u00e1 la f\u00f3rmula<\/strong> que impuls\u00f3 en su dos anteriores etapas. Primero en 2008 con el arranque de <strong>Punto Pelota <\/strong>en <strong>Intereconom\u00eda <\/strong>y desde 2014 en <strong>Atresmedia<\/strong>, donde cambi\u00f3 su t\u00edtulo al actual <strong>Chiringuito <\/strong>y donde fue emitido en <strong>Nitro, Neox, laSexta<\/strong> y, por \u00faltimo, <strong>Mega.<\/strong>\n    <\/p>\n<p class=\"article-text\">\n        <strong>\u201cNuevo logo, nuevo canal, misma hora y el mismo Chiringuito\u201d<\/strong>, asegura Josep Pedrerol y sus famosos tertulianos en un v\u00eddeo publicado en sus redes sociales. De esta manera, el equipo del programa avanza que el horario de emisi\u00f3n se mantendr\u00e1 como hasta ahora (<strong>a partir de las 00:00 horas de la madrugada<\/strong>), eso s\u00ed, sin anunciar a\u00fan realmente a trav\u00e9s de qu\u00e9 cadena se podr\u00e1 ver.\n    <\/p>\n<blockquote class=\"twitter-tweet\" data-lang=\"es\"><p><a href=\"https:\/\/twitter.com\/X\/status\/2079514500999385519?ref_src=twsrc%5Etfw\" rel=\"nofollow noopener\" target=\"_blank\"><\/p><\/blockquote>\n<p>    Pedrerol y su encaje en la estructura deportiva de Mediaset<\/p>\n<p class=\"article-text\">\n        \u201cPara el \u00c1rea de Contenidos de Mediaset Espa\u00f1a<strong> supone un gran valor a\u00f1adido contar con el equipo de <\/strong><strong>El Chiringuito,<\/strong><strong> con Josep Pedrerol al frente<\/strong>, y poder hacer un programa de entretenimiento con el deporte y toda la actualidad que genere contando con sus m\u00e1ximos referentes\u201d, se\u00f1ala<strong> Jaime Guerra<\/strong>, director de la Divisi\u00f3n de Producci\u00f3n de Contenidos del grupo.\n    <\/p>\n<p class=\"article-text\">\n        Adem\u00e1s de su canal de emisi\u00f3n, otra de las inc\u00f3gnitas que deja esta incorporaci\u00f3n es la de saber <strong>c\u00f3mo encajar\u00e1 la pieza de Josep Pedrerol en la estructura deportiva de Mediaset<\/strong>, desde hace a\u00f1os consolidadas en su apuesta propia con <strong>El Desmarque.<\/strong> De momento, queda la duda sobre si el papel del presentador ser\u00e1 simplemente conducir El Chiringuito, que es a lo que se limita el comunicado de Mediaset, o si este fichaje de gran calibre har\u00e1 que su figura se expanda por otras cadenas y formatos como ha ocurrido en laSexta con <strong>Jugones.<\/strong>\n    <\/p>\n<p>    <a href=\"https:\/\/www.eldiario.es\/vertele\/noticias\/chiringuito-cierra-atresmedia-nuevo-logo-criptico-adios-pedrerol-futuro-vemos-tele_1_13394952.html\" data-mrf-recirculation=\"saber-mas-abajo\" data-dl-event=\"saber-mas-abajo\" rel=\"nofollow noopener\" target=\"_blank\"><\/p>\n<p class=\"know-more__title\">&#8216;El Chiringuito&#8217; cierra en Atresmedia con nuevo logo y cr\u00edptico mensaje de Pedrerol sobre su futuro: \u201cNos vemos en la tele\u201d\n<\/p>\n<p>            <img decoding=\"async\" class=\"lazy\" loading=\"lazy\" data-src=\"https:\/\/static.eldiario.es\/clip\/b7194242-4299-4141-beda-afefa28950b1_16-9-aspect-ratio_default_0.jpg\" src=\"data:image\/svg+xml,%3Csvg xmlns=\" http:=\"\" viewbox=\"0 0 880 495\" alt=\"'El Chiringuito' cierra en Atresmedia con nuevo logo y cr\u00edptico mensaje de Pedrerol sobre su futuro: &quot;Nos vemos en la tele&quot;\"\/><\/p>\n<p>                        <\/a><\/p>\n<p class=\"article-text\">\n        Tras el anuncio, tanto Mediaset como el propio Chiringuito han activado la maquinaria de promoci\u00f3n, dejando ya ver a Pedrerol en los estudios del grupo en Fuencarral. A trav\u00e9s de un breve v\u00eddeo, la compa\u00f1\u00eda muestra la primera sesi\u00f3n de fotos del catal\u00e1n como nuevo presentador de la casa.\n    <\/p>\n<blockquote class=\"twitter-tweet\" data-lang=\"es\"><p><a href=\"https:\/\/twitter.com\/X\/status\/2079518676152139946?ref_src=twsrc%5Etfw\" rel=\"nofollow noopener\" target=\"_blank\"><\/p><\/blockquote>\n<p>                                        <script async src=\"https:\/\/platform.twitter.com\/widgets.js\" charset=\"utf-8\"><\/script><\/p>\n","protected":false},"excerpt":{"rendered":"Mediaset Espa\u00f1a ha anunciado este martes el fichaje de Josep Pedrerol. El grupo audiovisual y el presentador han&hellip;\n","protected":false},"author":2,"featured_media":669554,"comment_status":"","ping_status":"","sticky":false,"template":"","format":"standard","meta":{"footnotes":""},"categories":[93],"tags":[3586,28867,4166,1779,168,622,25,24,557,15090,955,23124,28760,23,167],"class_list":["post-669553","post","type-post","status-publish","format-standard","has-post-thumbnail","category-deportes","tag-actual","tag-chiringuito","tag-colaboradores","tag-confirma","tag-deportes","tag-equipo","tag-es","tag-espana","tag-fichaje","tag-josep","tag-mediaset","tag-muda","tag-pedrerol","tag-spain","tag-sports"],"share_on_mastodon":{"url":"https:\/\/pubeurope.com\/@es\/116958002286537312","error":""},"_links":{"self":[{"href":"https:\/\/www.europesays.com\/es\/wp-json\/wp\/v2\/posts\/669553","targetHints":{"allow":["GET"]}}],"collection":[{"href":"https:\/\/www.europesays.com\/es\/wp-json\/wp\/v2\/posts"}],"about":[{"href":"https:\/\/www.europesays.com\/es\/wp-json\/wp\/v2\/types\/post"}],"author":[{"embeddable":true,"href":"https:\/\/www.europesays.com\/es\/wp-json\/wp\/v2\/users\/2"}],"replies":[{"embeddable":true,"href":"https:\/\/www.europesays.com\/es\/wp-json\/wp\/v2\/comments?post=669553"}],"version-history":[{"count":0,"href":"https:\/\/www.europesays.com\/es\/wp-json\/wp\/v2\/posts\/669553\/revisions"}],"wp:featuredmedia":[{"embeddable":true,"href":"https:\/\/www.europesays.com\/es\/wp-json\/wp\/v2\/media\/669554"}],"wp:attachment":[{"href":"https:\/\/www.europesays.com\/es\/wp-json\/wp\/v2\/media?parent=669553"}],"wp:term":[{"taxonomy":"category","embeddable":true,"href":"https:\/\/www.europesays.com\/es\/wp-json\/wp\/v2\/categories?post=669553"},{"taxonomy":"post_tag","embeddable":true,"href":"https:\/\/www.europesays.com\/es\/wp-json\/wp\/v2\/tags?post=669553"}],"curies":[{"name":"wp","href":"https:\/\/api.w.org\/{rel}","templated":true}]}}