{"id":669734,"date":"2026-07-21T15:00:14","date_gmt":"2026-07-21T15:00:14","guid":{"rendered":"https:\/\/www.europesays.com\/es\/669734\/"},"modified":"2026-07-21T15:00:14","modified_gmt":"2026-07-21T15:00:14","slug":"samsung-art-store-suma-obras-del-louvre-a-sus-pantallas","status":"publish","type":"post","link":"https:\/\/www.europesays.com\/es\/669734\/","title":{"rendered":"Samsung Art Store suma obras del Louvre a sus pantallas"},"content":{"rendered":"<p class=\"article-body__paragraph\">La frontera entre la tecnolog\u00eda de consumo y el patrimonio cultural vuelve a estrecharse. <a href=\"https:\/\/www.latercera.com\/etiqueta\/samsung\/\" target=\"_self\" rel=\"nofollow noopener\" title=\"https:\/\/www.latercera.com\/etiqueta\/samsung\/\"><b>Samsung Electronics<\/b><\/a> anunci\u00f3 la incorporaci\u00f3n de 34 nuevas piezas de la colecci\u00f3n del Louvre a su plataforma digital <a href=\"https:\/\/www.latercera.com\/etiqueta\/samsung-art-store\/\" target=\"_self\" rel=\"nofollow noopener\" title=\"https:\/\/www.latercera.com\/etiqueta\/samsung-art-store\/\">Samsung Art Store<\/a>. <\/p>\n<p class=\"article-body__paragraph\">Con esta expansi\u00f3n, el cat\u00e1logo del emblem\u00e1tico museo parisino disponible para las pantallas de la marca surcoreana alcanza las 51 obras maestras.<\/p>\n<p><img alt=\"\" class=\"global-image\" decoding=\"async\"  src=\"https:\/\/www.europesays.com\/es\/wp-content\/uploads\/2026\/07\/7CZP6Z77GNC2JNQISNG6GH2SUA.jpg\"  fetchpriority=\"low\" loading=\"lazy\"\/>Samsung Art Store suma obras del Louvre a sus pantallas <\/p>\n<p class=\"article-body__paragraph\">El repositorio digital ahora incluye cl\u00e1sicos ineludibles de la historia del arte. Los usuarios pueden desplegar en alta resoluci\u00f3n la Mona Lisa de Leonardo da Vinci, La Libertad guiando al pueblo de Eugene Delacroix y Las bodas de Can\u00e1 de Paolo Veronese.<\/p>\n<p class=\"article-body__paragraph\">La selecci\u00f3n curada abarca los periodos renacentista, neocl\u00e1sico y rom\u00e1ntico, sumando adem\u00e1s lienzos de grandes maestros europeos como Caravaggio, Jacques-Louis David, Dominique Papety y Nicolas Poussin.<\/p>\n<p>Una categor\u00eda en s\u00ed<img alt=\"\" class=\"global-image\" decoding=\"async\"  src=\"https:\/\/www.europesays.com\/es\/wp-content\/uploads\/2026\/07\/LLPVKHHYVFEV3F5WU4A6TGIDFM.jpg\"  fetchpriority=\"low\" loading=\"lazy\"\/>Samsung Art Store suma obras del Louvre a sus pantallas <\/p>\n<p class=\"article-body__paragraph\">Guillaume Rault, vicepresidente de Consumer Electronics en Samsung Francia, destac\u00f3 el valor de esta integraci\u00f3n: \u201cEl Louvre representa lo mejor del patrimonio art\u00edstico y cultural franc\u00e9s. Estamos orgullosos de llevar estas obras maestras m\u00e1s all\u00e1 de las paredes del museo y al hogar de millones de personas en todo el mundo a trav\u00e9s de nuestras pantallas\u201d.<\/p>\n<p class=\"article-body__paragraph\">El movimiento refuerza el liderazgo de Samsung en un segmento donde la est\u00e9tica visual dicta las reglas. Samsung invent\u00f3 la tendencia del televisor como obra de arte con su serie Frame. Hoy, la suscripci\u00f3n a Art Store supera las cinco mil piezas curadas de galer\u00edas internacionales, permitiendo que un dispositivo electr\u00f3nico asuma el rol de un cuadro tradicional.<\/p>\n<p class=\"article-body__paragraph\">La colecci\u00f3n del Louvre ya est\u00e1 activa a nivel mundial. Quienes posean televisores The Frame o modelos compatibles pueden convertir el modo reposo de sus pantallas en una ventana directa a los pasillos del museo m\u00e1s visitado de Francia.<\/p>\n","protected":false},"excerpt":{"rendered":"La frontera entre la tecnolog\u00eda de consumo y el patrimonio cultural vuelve a estrecharse. Samsung Electronics anunci\u00f3 la&hellip;\n","protected":false},"author":2,"featured_media":669735,"comment_status":"","ping_status":"","sticky":false,"template":"","format":"standard","meta":{"footnotes":""},"categories":[173],"tags":[229,233,231,230,4960,232,234,146,147,25,24,121950,35760,50794,9212,121953,41530,121952,4646,121951,1700,56349,23,121954,120,16332,16074,56351],"class_list":["post-669734","post","type-post","status-publish","format-standard","has-post-thumbnail","category-arte-y-diseno","tag-arte","tag-arte-y-diseno","tag-arts","tag-arts-and-design","tag-caravaggio","tag-design","tag-diseno","tag-entertainment","tag-entretenimiento","tag-es","tag-espana","tag-eugene-delacroix","tag-la-tercera","tag-leonardo-da-vinci","tag-louvre","tag-modo-arte","tag-museo-del-louvre","tag-museo-en-casa","tag-pantallas","tag-paolo-veronese","tag-samsung","tag-samsung-art-store","tag-spain","tag-suscripcion-art-store","tag-tecnologia","tag-televisores","tag-the-frame","tag-the-frame-pro"],"share_on_mastodon":{"url":"https:\/\/pubeurope.com\/@es\/116958568694469419","error":""},"_links":{"self":[{"href":"https:\/\/www.europesays.com\/es\/wp-json\/wp\/v2\/posts\/669734","targetHints":{"allow":["GET"]}}],"collection":[{"href":"https:\/\/www.europesays.com\/es\/wp-json\/wp\/v2\/posts"}],"about":[{"href":"https:\/\/www.europesays.com\/es\/wp-json\/wp\/v2\/types\/post"}],"author":[{"embeddable":true,"href":"https:\/\/www.europesays.com\/es\/wp-json\/wp\/v2\/users\/2"}],"replies":[{"embeddable":true,"href":"https:\/\/www.europesays.com\/es\/wp-json\/wp\/v2\/comments?post=669734"}],"version-history":[{"count":0,"href":"https:\/\/www.europesays.com\/es\/wp-json\/wp\/v2\/posts\/669734\/revisions"}],"wp:featuredmedia":[{"embeddable":true,"href":"https:\/\/www.europesays.com\/es\/wp-json\/wp\/v2\/media\/669735"}],"wp:attachment":[{"href":"https:\/\/www.europesays.com\/es\/wp-json\/wp\/v2\/media?parent=669734"}],"wp:term":[{"taxonomy":"category","embeddable":true,"href":"https:\/\/www.europesays.com\/es\/wp-json\/wp\/v2\/categories?post=669734"},{"taxonomy":"post_tag","embeddable":true,"href":"https:\/\/www.europesays.com\/es\/wp-json\/wp\/v2\/tags?post=669734"}],"curies":[{"name":"wp","href":"https:\/\/api.w.org\/{rel}","templated":true}]}}