{"id":66995,"date":"2025-08-23T14:06:11","date_gmt":"2025-08-23T14:06:11","guid":{"rendered":"https:\/\/www.europesays.com\/es\/66995\/"},"modified":"2025-08-23T14:06:11","modified_gmt":"2025-08-23T14:06:11","slug":"azulgranas-en-europa-y-asia","status":"publish","type":"post","link":"https:\/\/www.europesays.com\/es\/66995\/","title":{"rendered":"Azulgranas en Europa y Asia"},"content":{"rendered":"<p>La televisi\u00f3n de \u00e1mbito nacional populariz\u00f3 el programa &#8216;Espa\u00f1oles por el mundo&#8217;. Un recorrido de lugares variopintos y diseminados en el globo con los protagonistas  &#8230; ejerciendo de gu\u00edas humanos. Los canales auton\u00f3micos interpretaron el \u00e9xito de la f\u00f3rmula y pronto vimos las andanzas, siempre a trav\u00e9s de gente encantada de moverse, del personal vasco fuera de nuestras mugas que, en terminolog\u00eda nacionalista, compone la di\u00e1spora. Pues si el deporte forma parte de la vida y contribuye a explicarla, un repaso al mapa de la Euroliga incita a detenerse en unas cuantas ciudades del Viejo Continente y hasta de Asia. Enclaves donde descubrir el presente baloncest\u00edstico de jugadores que antes actuaron como locales bajo el techo elevado del Fernando Buesa Arena.<\/p>\n<p>\nEfes, Bar\u00e7a y Mil\u00e1n lideran la tabla de exbaskonistas con tres jugadores en cada plantilla\n<\/p>\n<p class=\"v-p\">Al club vitoriano se le podr\u00e1 reprochar cierta p\u00e9rdida de ojo cl\u00ednico para las contrataciones \u00faltimamente, tambi\u00e9n condicionada por unas posibilidades econ\u00f3micas alejadas de los grandes presupuestos en el mejor torneo al margen de la NBA. Del mismo modo que conviene resaltar el acierto en fichajes del pasado que armaron plantillas de incuestionable peso espec\u00edfico bajo el escudo del carnero. De hecho, s\u00f3lo cinco adversarios del campeonato que comenzar\u00e1 a finales de septiembre carecen de &#8216;ex&#8217; en sus vestuarios. Se trata de los dos representantes de Tel Aviv (Maccabi y Hapoel, que accede este a\u00f1o tras ganar la Eurocup), el Real Madrid que lleg\u00f3 a alinear a numerosos baloncestistas de pasado azulgrana, el Asvel y el Zalgiris.<\/p>\n<p>Las mayores sucursales<\/p>\n<p class=\"v-p\">Hasta veinticinco jugadores que estuvieron bajo la disciplina del Baskonia se distribuyen, de momento, en catorce de los diecinueve rivales inscritos en una Euroliga que abre el abanico para incluir a veinte participantes. El sector europeo de Estambul (Anadolu Efes) se mantiene como la mayor sucursal de la entidad alavesa junto al B\u00f3sforo. All\u00ed contin\u00faan tres hombres de alto nivel como Larkin, Beaubois y Poirier, escudero de Tavares hasta emanciparse de la &#8216;casa blanca&#8217;. Aunque la llegada este verano de Shengelia al Palau para componer una terna junto a Laprovittola y el gigante Fall y el tr\u00edo que presenta Ettore Messina en Mil\u00e1n (Mannion, Causeur y Shields) discuten la primac\u00eda al equipo turco.<\/p>\n<p class=\"v-p\">Cinco conjuntos ense\u00f1an a dos jugadores que representaron al Baskonia con anterioridad. Y tres de ellos se han nutrido hace unas semanas en los humedales de Salburua. Estrella Roja, que une a McIntyre con Moneke; Bayern, donde Kamar Baldwin tratar\u00e1 a asistir a Voigtmann; y Olympiacos, que junta a Peters y Hall. El Valencia pesca valores seguros y &#8216;repatria&#8217; a Thompson para formar un t\u00e1ndem con Costello. Dub\u00e1i, el club emergente a trav\u00e9s del color del dinero, dispone de Petrusev y Davis Bertans, quien ha abandonado la NBA despu\u00e9s de recalar hace nueve a\u00f1os en Estados Unidos. El resto, hasta completar las dos docenas largas, implica a un &#8216;ex&#8217; de Beto\u00f1o por escuadra: James (M\u00f3naco), Wade Baldwin (Fenerbahce, vigente campe\u00f3n), Rogkavopoulos (otro cupo griego para el acorazado Panathinaikos), Hommes (Par\u00eds), Marinkovic (Partizan) y el trotamundos Vildoza (de nuevo a las \u00f3rdenes de Dusko en Bolonia).<\/p>\n<p>\nBaldwin, Rogkavopoulos, Moneke y Hall encarnan las marchas del verano a rivales europeos\n<\/p>\n<p class=\"v-p\">Puestos a enredar, cuesta poco entresacar quintetos legendarios o de viejas glorias y profundidad de banquillo con abundancia de bases relevantes (Larkin, McIntyre, Thompson y James a botepronto), escoltas (Beaubois y Marinkovic), aleros (Causeur, Shields y Bertans), &#8216;cuatros&#8217; liderados por Shengelia y p\u00edvots (Poirier y Costello). A elegir entre el mariscal Ivanovic, Scariolo, Pedro Mart\u00ednez y Pe\u00f1arroya pizarra en mano.<\/p>\n<p>Revoluciones<\/p>\n<p class=\"v-p\">La estabilidad en la parcela t\u00e9cnica de los clubes que competir\u00e1n desde finales de septiembre contrasta con unas cuantas revoluciones dentro de las plantillas. El Baskonia contribuye a remover el agua mediante la prematura salida de Pablo Laso para franquear el paso a Paolo Galbiati. Tomas Masiulis releva a Andrea Trinchieri en Kaunas, Igor Kokoskov a Luca Banchi en el sector europeo de Estambul, Francesco Tabellini ocupa el sitio de Tiago Splitter en Par\u00eds y Sergio Scariolo, quien recluta a Stefan Ivanovic para su cuerpo t\u00e9cnico, sustituye a Chus Mateo.<\/p>\n<p class=\"v-p\">Las taquillas de unos cuantos equipos s\u00ed cambian abundantes fotos. El siempre inquieto Estrella Roja suma diez incorporaciones, mientras que Dub\u00e1i, Hapoel y Par\u00eds cambian a nueve hombres y el Efes mete a ocho nuevos en el plantel. Entre los retornos y los trasvases m\u00e1s importantes figuran, sin duda, la vuelta del formidable Micic por la puerta de Tel Aviv (Hapoel), la llegada de Musa a la opulencia asi\u00e1tica, el viaje de Mirotic a Montecarlo y el fichaje de Clyburn por el Bar\u00e7a.<\/p>\n","protected":false},"excerpt":{"rendered":"La televisi\u00f3n de \u00e1mbito nacional populariz\u00f3 el programa &#8216;Espa\u00f1oles por el mundo&#8217;. Un recorrido de lugares variopintos y&hellip;\n","protected":false},"author":2,"featured_media":66996,"comment_status":"","ping_status":"","sticky":false,"template":"","format":"standard","meta":{"footnotes":""},"categories":[269],"tags":[1237,27119,299,298,168,25,24,700,23,167],"class_list":{"0":"post-66995","1":"post","2":"type-post","3":"status-publish","4":"format-standard","5":"has-post-thumbnail","7":"category-baloncesto","8":"tag-asia","9":"tag-azulgranas","10":"tag-baloncesto","11":"tag-basketball","12":"tag-deportes","13":"tag-es","14":"tag-espana","15":"tag-europa","16":"tag-spain","17":"tag-sports"},"share_on_mastodon":{"url":"","error":""},"_links":{"self":[{"href":"https:\/\/www.europesays.com\/es\/wp-json\/wp\/v2\/posts\/66995","targetHints":{"allow":["GET"]}}],"collection":[{"href":"https:\/\/www.europesays.com\/es\/wp-json\/wp\/v2\/posts"}],"about":[{"href":"https:\/\/www.europesays.com\/es\/wp-json\/wp\/v2\/types\/post"}],"author":[{"embeddable":true,"href":"https:\/\/www.europesays.com\/es\/wp-json\/wp\/v2\/users\/2"}],"replies":[{"embeddable":true,"href":"https:\/\/www.europesays.com\/es\/wp-json\/wp\/v2\/comments?post=66995"}],"version-history":[{"count":0,"href":"https:\/\/www.europesays.com\/es\/wp-json\/wp\/v2\/posts\/66995\/revisions"}],"wp:featuredmedia":[{"embeddable":true,"href":"https:\/\/www.europesays.com\/es\/wp-json\/wp\/v2\/media\/66996"}],"wp:attachment":[{"href":"https:\/\/www.europesays.com\/es\/wp-json\/wp\/v2\/media?parent=66995"}],"wp:term":[{"taxonomy":"category","embeddable":true,"href":"https:\/\/www.europesays.com\/es\/wp-json\/wp\/v2\/categories?post=66995"},{"taxonomy":"post_tag","embeddable":true,"href":"https:\/\/www.europesays.com\/es\/wp-json\/wp\/v2\/tags?post=66995"}],"curies":[{"name":"wp","href":"https:\/\/api.w.org\/{rel}","templated":true}]}}