{"id":66997,"date":"2025-08-23T14:07:09","date_gmt":"2025-08-23T14:07:09","guid":{"rendered":"https:\/\/www.europesays.com\/es\/66997\/"},"modified":"2025-08-23T14:07:09","modified_gmt":"2025-08-23T14:07:09","slug":"optimismo-en-el-murcia-con-el-fichaje-de-flakus","status":"publish","type":"post","link":"https:\/\/www.europesays.com\/es\/66997\/","title":{"rendered":"Optimismo en el Murcia con el fichaje de Flakus"},"content":{"rendered":"<p>GREGORIO LE\u00d3N<\/p>\n<p>La marmita lleva sobre el fuego mucho tiempo. A poco gas. Y as\u00ed, con paciencia est\u00e1 elaborando el Real Murcia el regreso de<strong> David Flakus<\/strong>, el sue\u00f1o h\u00famedo de miles de aficionados que quedaron seducidos por el delantero en apenas seis meses. Desde el primer d\u00eda de la planificaci\u00f3n de la temporada, su nombre estaba entre los elegidos. En caso de ascenso, el club habr\u00eda pagado al <strong>Club Deportivo Castell\u00f3n<\/strong> el mill\u00f3n de euros estipulado contractualmente para tenerlo tenerlo en propiedad. En Primera RFEF las circunstancias eran otras, y desfavorables. El futbolista se ha mostrado renuente a descender al tercer escal\u00f3n del f\u00fatbol espa\u00f1ol, empe\u00f1ado en jugar en Segunda. Por eso rechaz\u00f3 <strong>una oferta suculenta del Tenerife<\/strong>. Pero los minutos que le brindaba en pretemporada el Castell\u00f3n han desaparecido con la llegada de los partidos oficiales. Y el Murcia ha estado atento, en todo momento. Con la ca\u00f1a.<\/p>\n<p><strong>Flakus tiene encima de la mesa una propuesta generosa del club que preside Felipe Moreno<\/strong>. Desde los despachos de Nueva Condomina se insiste en la prudencia, pero por los resquicios de esa cautela se cuela un optimismo indisimulado. La pr\u00f3xima semana podr\u00eda haber match entre las dos partes. Es una operaci\u00f3n compleja. Flakus tiene amplio mercado internacional, y un planteamiento\u00a0exterior podr\u00eda frustrar los planes de Asier Goiria, que guarda silencio sobre los avances en la negociaci\u00f3n.\u00a0<\/p>\n","protected":false},"excerpt":{"rendered":"GREGORIO LE\u00d3N La marmita lleva sobre el fuego mucho tiempo. A poco gas. Y as\u00ed, con paciencia est\u00e1&hellip;\n","protected":false},"author":2,"featured_media":66998,"comment_status":"","ping_status":"","sticky":false,"template":"","format":"standard","meta":{"footnotes":""},"categories":[268],"tags":[27120,168,25,24,280,8094,282,8095,281,23,167],"class_list":{"0":"post-66997","1":"post","2":"type-post","3":"status-publish","4":"format-standard","5":"has-post-thumbnail","7":"category-futbol","8":"tag-david-flakus","9":"tag-deportes","10":"tag-es","11":"tag-espana","12":"tag-football","13":"tag-fu00fatbol","14":"tag-futbol","15":"tag-real-murcia","16":"tag-soccer","17":"tag-spain","18":"tag-sports"},"share_on_mastodon":{"url":"","error":""},"_links":{"self":[{"href":"https:\/\/www.europesays.com\/es\/wp-json\/wp\/v2\/posts\/66997","targetHints":{"allow":["GET"]}}],"collection":[{"href":"https:\/\/www.europesays.com\/es\/wp-json\/wp\/v2\/posts"}],"about":[{"href":"https:\/\/www.europesays.com\/es\/wp-json\/wp\/v2\/types\/post"}],"author":[{"embeddable":true,"href":"https:\/\/www.europesays.com\/es\/wp-json\/wp\/v2\/users\/2"}],"replies":[{"embeddable":true,"href":"https:\/\/www.europesays.com\/es\/wp-json\/wp\/v2\/comments?post=66997"}],"version-history":[{"count":0,"href":"https:\/\/www.europesays.com\/es\/wp-json\/wp\/v2\/posts\/66997\/revisions"}],"wp:featuredmedia":[{"embeddable":true,"href":"https:\/\/www.europesays.com\/es\/wp-json\/wp\/v2\/media\/66998"}],"wp:attachment":[{"href":"https:\/\/www.europesays.com\/es\/wp-json\/wp\/v2\/media?parent=66997"}],"wp:term":[{"taxonomy":"category","embeddable":true,"href":"https:\/\/www.europesays.com\/es\/wp-json\/wp\/v2\/categories?post=66997"},{"taxonomy":"post_tag","embeddable":true,"href":"https:\/\/www.europesays.com\/es\/wp-json\/wp\/v2\/tags?post=66997"}],"curies":[{"name":"wp","href":"https:\/\/api.w.org\/{rel}","templated":true}]}}