{"id":670032,"date":"2026-07-21T18:39:16","date_gmt":"2026-07-21T18:39:16","guid":{"rendered":"https:\/\/www.europesays.com\/es\/670032\/"},"modified":"2026-07-21T18:39:16","modified_gmt":"2026-07-21T18:39:16","slug":"ciudadanos-opinan-sobre-la-ley-del-tabaco-mas-espacios-libres-de-humo-o-medida-excesiva","status":"publish","type":"post","link":"https:\/\/www.europesays.com\/es\/670032\/","title":{"rendered":"Ciudadanos opinan sobre la ley del tabaco: m\u00e1s espacios libres de humo o medida excesiva"},"content":{"rendered":"<p><img decoding=\"async\" class=\"v-ath__i\" loading=\"lazy\" src=\"https:\/\/www.europesays.com\/es\/wp-content\/uploads\/2026\/07\/1784659156_581_autor-5497-foto-3.jpeg\" alt=\"Agencia Europa Press\"\/><\/p>\n<p>21\/07\/2026 a las 18:35h.<\/p>\n<p class=\"v-d-p\" style=\"\">Los ciudadanos se han mostrado favorables, en su mayor\u00eda, a medidas que proh\u00edban el consumo de tabaco en espacios p\u00fablicos como playas o campus universitarios  &#8230; y adem\u00e1s han indicado que estas medidas pueden ayudar a reducir el consumo de tabaco o concienciar a la gente joven para no consumir desde una temprana edad. No obstante, hay quienes han indicado que es excesivo prohibir el consumo en espacios p\u00fablicos y que esas medidas pueden ser contraproducentes y aumentar el consumo. Por \u00faltimo, han indicado que fumar y vapear deber\u00eda estar equiparado a la hora de prohibirlos, pero no creen que los padres deban pagar las multas de los menores que sean vistos fumando o vapeando.<\/p>\n","protected":false},"excerpt":{"rendered":"21\/07\/2026 a las 18:35h. Los ciudadanos se han mostrado favorables, en su mayor\u00eda, a medidas que proh\u00edban el&hellip;\n","protected":false},"author":2,"featured_media":670033,"comment_status":"","ping_status":"","sticky":false,"template":"","format":"standard","meta":{"footnotes":""},"categories":[8],"tags":[17,18,594,25,18115,24,14332,13,14,11,7610,19,20,30610,5516,9,10,15,16,37248,57,23,4224,12,21,22],"class_list":["post-670032","post","type-post","status-publish","format-standard","has-post-thumbnail","category-espana","tag-breaking-news","tag-breakingnews","tag-ciudadanos","tag-es","tag-espacios","tag-espana","tag-excesiva","tag-featured-news","tag-featurednews","tag-headlines","tag-humo","tag-latest-news","tag-latestnews","tag-libres","tag-medida","tag-news","tag-noticias","tag-noticias-destacadas","tag-noticiasdestacadas","tag-opinan","tag-sobre","tag-spain","tag-tabaco","tag-titulares","tag-ultimas-noticias","tag-ultimasnoticias"],"share_on_mastodon":{"url":"https:\/\/pubeurope.com\/@es\/116959430417567747","error":""},"_links":{"self":[{"href":"https:\/\/www.europesays.com\/es\/wp-json\/wp\/v2\/posts\/670032","targetHints":{"allow":["GET"]}}],"collection":[{"href":"https:\/\/www.europesays.com\/es\/wp-json\/wp\/v2\/posts"}],"about":[{"href":"https:\/\/www.europesays.com\/es\/wp-json\/wp\/v2\/types\/post"}],"author":[{"embeddable":true,"href":"https:\/\/www.europesays.com\/es\/wp-json\/wp\/v2\/users\/2"}],"replies":[{"embeddable":true,"href":"https:\/\/www.europesays.com\/es\/wp-json\/wp\/v2\/comments?post=670032"}],"version-history":[{"count":0,"href":"https:\/\/www.europesays.com\/es\/wp-json\/wp\/v2\/posts\/670032\/revisions"}],"wp:featuredmedia":[{"embeddable":true,"href":"https:\/\/www.europesays.com\/es\/wp-json\/wp\/v2\/media\/670033"}],"wp:attachment":[{"href":"https:\/\/www.europesays.com\/es\/wp-json\/wp\/v2\/media?parent=670032"}],"wp:term":[{"taxonomy":"category","embeddable":true,"href":"https:\/\/www.europesays.com\/es\/wp-json\/wp\/v2\/categories?post=670032"},{"taxonomy":"post_tag","embeddable":true,"href":"https:\/\/www.europesays.com\/es\/wp-json\/wp\/v2\/tags?post=670032"}],"curies":[{"name":"wp","href":"https:\/\/api.w.org\/{rel}","templated":true}]}}