{"id":670080,"date":"2026-07-21T19:18:13","date_gmt":"2026-07-21T19:18:13","guid":{"rendered":"https:\/\/www.europesays.com\/es\/670080\/"},"modified":"2026-07-21T19:18:13","modified_gmt":"2026-07-21T19:18:13","slug":"el-mejor-disco-de-bjork-segun-la-comunidad-indie-hoy","status":"publish","type":"post","link":"https:\/\/www.europesays.com\/es\/670080\/","title":{"rendered":"El mejor disco de Bj\u00f6rk seg\u00fan la Comunidad Indie Hoy"},"content":{"rendered":"<p class=\"wp-block-paragraph\">A lo largo de m\u00e1s de tres d\u00e9cadas, <strong>Bj\u00f6rk <\/strong>logr\u00f3 construir una de las discograf\u00edas m\u00e1s innovadoras de la m\u00fasica contempor\u00e1nea, alternando entre el pop, la electr\u00f3nica, la m\u00fasica experimental y la vanguardia, cimentando una identidad \u00fanica. <strong>Cada uno de sus discos de estudio representa una etapa distinta de su evoluci\u00f3n art\u00edstica, prueba tambi\u00e9n de creatividad impredecible<\/strong>.<\/p>\n<p class=\"wp-block-paragraph\">Desde su debut como solista en 1993, la artista islandesa desafi\u00f3 cualquier intento de encasillamiento. <strong>En vez de repetir f\u00f3rmulas, cada lanzamiento ampli\u00f3 los l\u00edmites de su propuesta, incorporando nuevas texturas, influencias y conceptos que la convirtieron en una referencia ineludible para varias generaciones de m\u00fasicos<\/strong>. Esa capacidad de reinventarse constantemente es la que hace que su cat\u00e1logo siga despertando discusiones sobre cu\u00e1l de sus obras representa mejor su legado art\u00edstico.<\/p>\n<p class=\"wp-block-paragraph\">Con ese desaf\u00edo en mente, y al igual que hicimos con bandas y artistas como <a href=\"https:\/\/indiehoy.com\/noticias\/el-mejor-disco-de-the-smiths-segun-la-comunidad-indie-hoy\/\" target=\"_blank\" rel=\"noreferrer noopener nofollow\">The Smiths<\/a>, <a href=\"https:\/\/indiehoy.com\/noticias\/el-mejor-disco-de-beck-segun-la-comunidad-indie-hoy\/\" rel=\"nofollow noopener\" target=\"_blank\">Beck <\/a>o <a href=\"https:\/\/indiehoy.com\/noticias\/el-mejor-disco-de-belle-and-sebastian-segun-la-comunidad-indie-hoy\/\" target=\"_blank\" rel=\"noreferrer noopener nofollow\">Belle and Sebastian<\/a>, <strong>le preguntamos a los miembros de la <a href=\"https:\/\/indiehoy.com\/comunidad\/\" target=\"_blank\" rel=\"noreferrer noopener nofollow\">Comunidad Indie Hoy<\/a> cu\u00e1l consideran que es la obra cumbre de Bj\u00f6rk<\/strong>. La votaci\u00f3n dej\u00f3 un claro ganador, aunque tambi\u00e9n mostr\u00f3 el gran reconocimiento que reciben varios de los discos fundamentales de su carrera.<\/p>\n<p><img loading=\"lazy\" decoding=\"async\" width=\"1200\" height=\"800\" src=\"https:\/\/www.europesays.com\/es\/wp-content\/uploads\/2026\/07\/Bjork.webp\" alt=\"Bj\u00f6rk \" class=\"wp-image-831873\"  \/>Bj\u00f6rk dar\u00e1 un DJ set durante un eclipse solar en Islandia.<\/p>\n<p class=\"wp-block-paragraph\"><strong>Vespertine fue elegido como el mejor disco de Bj\u00f6rk al obtener el 42,9% de los votos<\/strong>. El \u00e1lbum lanzado en 2001 se impuso sobre otros trabajos esenciales de su cat\u00e1logo. Detr\u00e1s quedaron <a href=\"https:\/\/indiehoy.com\/historias\/10-mejores-discos-islandeses-de-todos-los-tiempos-segun-especialistas\/\" target=\"_blank\" rel=\"noreferrer noopener nofollow\"><strong>Post (28,6%)<\/strong>, <strong>Homogenic (14,3%)<\/strong> y<strong> Debut (14,3%)<\/strong><\/a>.<\/p>\n<p class=\"wp-block-paragraph\">Concebido como una obra \u00edntima y contemplativa, Vespertine marc\u00f3 un giro hacia un sonido m\u00e1s delicado y detallista.<strong> Bj\u00f6rk construy\u00f3 el \u00e1lbum a partir de microbeats, arreglos de cuerdas, coros et\u00e9reos y una producci\u00f3n minuciosa que acompa\u00f1\u00f3 letras centradas en el amor, el deseo y la vida dom\u00e9stica<\/strong>. Canciones como \u00abHidden Place\u00bb, \u00abPagan Poetry\u00bb y \u00abUnison\u00bb reflejan esa b\u00fasqueda, consolidando al disco como uno de los puntos m\u00e1s altos de su carrera.<\/p>\n<p class=\"wp-block-paragraph\">El segundo lugar fue para Post, editado en 1995 y considerado por muchos como <strong>el disco que termin\u00f3 de consolidar a Bj\u00f6rk como una de las artistas m\u00e1s innovadoras de su generaci\u00f3n<\/strong>. A diferencia de la introspecci\u00f3n de Vespertine, en esta obra predomina una propuesta expansiva y ecl\u00e9ctica que combina electr\u00f3nica, trip hop, jazz, industrial y m\u00fasica dance con total naturalidad. De ese trabajo surgieron algunas de las canciones m\u00e1s emblem\u00e1ticas de su carrera, como \u00abArmy of Me\u00bb, \u00abHyperballad\u00bb, \u00abIsobel\u00bb e \u00abIt&#8217;s Oh So Quiet\u00bb.<\/p>\n<p class=\"wp-block-paragraph\">Compartiendo el tercer puesto aparecieron Homogenic y Debut, ambos con el 14,3% de los votos. Publicado en 1997, Homogenic expandi\u00f3 la experimentaci\u00f3n de Bj\u00f6rk a una nueva dimensi\u00f3n al fusionar bases electr\u00f3nicas con imponentes arreglos orquestales, dando vida a piezas como \u00abJ\u00f3ga\u00bb, \u00abBachelorette\u00bb y \u00abHunter\u00bb. Por su parte, Debut (1993) present\u00f3 oficialmente su faceta como solista tras la disoluci\u00f3n de The Sugarcubes, mostrando una identidad art\u00edstica que ya aunaba sonidos pop y electr\u00f3nica.<\/p>\n<p class=\"wp-block-paragraph\">Pod\u00e9s ver los resultados abajo y\u00a0<strong>votar en las pr\u00f3ximas encuestas haci\u00e9ndote socio de la\u00a0<strong><a href=\"https:\/\/indiehoy.com\/comunidad\/\" target=\"_blank\" rel=\"noreferrer noopener nofollow\">Comunidad Indie Hoy<\/a><\/strong><\/strong>.<\/p>\n<p>4. Debut (1993) &#8211; 14,3%<\/p>\n<p>3. Homogenic (1997) &#8211; 14,3%<\/p>\n<p>2. Post (1995) &#8211; 28,6%<\/p>\n<p>1. Vespertine (2001) &#8211; 42,9%<\/p>\n","protected":false},"excerpt":{"rendered":"A lo largo de m\u00e1s de tres d\u00e9cadas, Bj\u00f6rk logr\u00f3 construir una de las discograf\u00edas m\u00e1s innovadoras de&hellip;\n","protected":false},"author":2,"featured_media":670081,"comment_status":"","ping_status":"","sticky":false,"template":"","format":"standard","meta":{"footnotes":""},"categories":[170],"tags":[48806,146,147,25,24,184,185,23],"class_list":["post-670080","post","type-post","status-publish","format-standard","has-post-thumbnail","category-musica","tag-bjork","tag-entertainment","tag-entretenimiento","tag-es","tag-espana","tag-music","tag-musica","tag-spain"],"share_on_mastodon":{"url":"https:\/\/pubeurope.com\/@es\/116959584099084769","error":""},"_links":{"self":[{"href":"https:\/\/www.europesays.com\/es\/wp-json\/wp\/v2\/posts\/670080","targetHints":{"allow":["GET"]}}],"collection":[{"href":"https:\/\/www.europesays.com\/es\/wp-json\/wp\/v2\/posts"}],"about":[{"href":"https:\/\/www.europesays.com\/es\/wp-json\/wp\/v2\/types\/post"}],"author":[{"embeddable":true,"href":"https:\/\/www.europesays.com\/es\/wp-json\/wp\/v2\/users\/2"}],"replies":[{"embeddable":true,"href":"https:\/\/www.europesays.com\/es\/wp-json\/wp\/v2\/comments?post=670080"}],"version-history":[{"count":0,"href":"https:\/\/www.europesays.com\/es\/wp-json\/wp\/v2\/posts\/670080\/revisions"}],"wp:featuredmedia":[{"embeddable":true,"href":"https:\/\/www.europesays.com\/es\/wp-json\/wp\/v2\/media\/670081"}],"wp:attachment":[{"href":"https:\/\/www.europesays.com\/es\/wp-json\/wp\/v2\/media?parent=670080"}],"wp:term":[{"taxonomy":"category","embeddable":true,"href":"https:\/\/www.europesays.com\/es\/wp-json\/wp\/v2\/categories?post=670080"},{"taxonomy":"post_tag","embeddable":true,"href":"https:\/\/www.europesays.com\/es\/wp-json\/wp\/v2\/tags?post=670080"}],"curies":[{"name":"wp","href":"https:\/\/api.w.org\/{rel}","templated":true}]}}