{"id":670270,"date":"2026-07-21T21:40:16","date_gmt":"2026-07-21T21:40:16","guid":{"rendered":"https:\/\/www.europesays.com\/es\/670270\/"},"modified":"2026-07-21T21:40:16","modified_gmt":"2026-07-21T21:40:16","slug":"una-plataforma-de-analisis-molecular-no-invasiva-facilita-el-diagnostico-del-cancer-oral","status":"publish","type":"post","link":"https:\/\/www.europesays.com\/es\/670270\/","title":{"rendered":"Una plataforma de an\u00e1lisis molecular no invasiva facilita el diagn\u00f3stico del c\u00e1ncer oral"},"content":{"rendered":"<p class=\"mostrar_fragmento\">Un equipo investigador ha adaptado una prueba multig\u00e9nica ya validada para su uso como m\u00e9todo no invasivo en el diagn\u00f3stico r\u00e1pido del carcinoma oral de c\u00e9lulas escamosas. Esta nueva plataforma, denominada qMIDSV3, ofrece una sensibilidad del 95,7% y una especificidad del 95,1%, y permite distinguir este tumor de patolog\u00edas potencialmente &#8230;            &#13;\n        <\/p>\n<p> &#13;<\/p>\n<p>Un equipo investigador ha adaptado una prueba multig\u00e9nica ya validada para su uso como m\u00e9todo no invasivo en el diagn\u00f3stico r\u00e1pido del <strong>carcinoma oral de c\u00e9lulas escamosas<\/strong>. Esta nueva plataforma, denominada <strong>qMIDSV3<\/strong>, ofrece una sensibilidad del 95,7% y una especificidad del 95,1%, y permite distinguir este tumor de patolog\u00edas potencialmente malignas, como la <strong>leucoplasia oral <\/strong>y el<strong> liquen plano oral<\/strong>. Cabe destacar que la tasa de falsos positivos y negativos se situ\u00f3 por debajo del 5%, lo que confirma su especificidad frente a lesiones premalignas o inflamatorias.<\/p>\n<p>En el plano molecular, los tres tipos de lesiones evaluadas mostraron <strong>un incremento significativo de los niveles del biomarcador INHBA <\/strong>en comparaci\u00f3n con la mucosa contralateral sana. Sin embargo, el biomarcador S100A16 present\u00f3 una disminuci\u00f3n selectiva y significativa \u00fanicamente en las c\u00e9lulas tumorales, seg\u00fan afirma <strong>Muy-Teck Teh<\/strong>, cient\u00edfico de la Universidad Queen Mary de Londres y director del <a href=\"https:\/\/pubmed.ncbi.nlm.nih.gov\/42337682\/\" rel=\"nofollow noopener\" target=\"_blank\">estudio<\/a>. El investigador se\u00f1ala que qMIDSV3 podr\u00eda permitir <strong>un triaje m\u00e1s eficiente<\/strong>, ya que la recogida de muestras mediante cepillado requiere menos de cinco minutos y los resultados del laboratorio est\u00e1n disponibles en menos de 60 minutos. <\/p>\n<p>En consecuencia, m\u00e1s del 90% de los pacientes con patolog\u00edas orales potencialmente malignas, pero de bajo riesgo, podr\u00edan evitar las biopsias quir\u00fargicas tradicionales, que son invasivas y dolorosas, a\u00f1ade Teh. Adem\u00e1s, qMIDSV3 podr\u00eda <strong>reducir los errores de muestreo asociados a lesiones multifocales extensas<\/strong> y agilizar la derivaci\u00f3n prioritaria de los casos malignos confirmados, reduciendo as\u00ed las demoras diagn\u00f3sticas que afectan desfavorablemente a la evoluci\u00f3n de los pacientes, concluye el cient\u00edfico.<\/p>\n<p>&#13;<br \/>\n            SEGUIR LEYENDO&#13;\n        <\/p>\n","protected":false},"excerpt":{"rendered":"Un equipo investigador ha adaptado una prueba multig\u00e9nica ya validada para su uso como m\u00e9todo no invasivo en&hellip;\n","protected":false},"author":2,"featured_media":670271,"comment_status":"","ping_status":"","sticky":false,"template":"","format":"standard","meta":{"footnotes":""},"categories":[92],"tags":[1705,86308,1066,7291,87328,79790,25,24,6971,33499,165,97808,7289,10480,8632,689,36163,21412,1817,1092,1043,3479,2761,122017,60193,1288,166,23,20957],"class_list":["post-670270","post","type-post","status-publish","format-standard","has-post-thumbnail","category-salud","tag-analisis","tag-biopsias","tag-cancer","tag-diagnostico","tag-distingue","tag-eficazmente","tag-es","tag-espana","tag-evitar","tag-facilita","tag-health","tag-innecesarias","tag-invasiva","tag-lesiones","tag-molecular","tag-no","tag-oral","tag-otras","tag-pacientes","tag-patologias","tag-plataforma","tag-podria","tag-prueba","tag-qmidsv","tag-quirurgicas","tag-riesgo","tag-salud","tag-spain","tag-tumor"],"share_on_mastodon":{"url":"https:\/\/pubeurope.com\/@es\/116960141592726699","error":""},"_links":{"self":[{"href":"https:\/\/www.europesays.com\/es\/wp-json\/wp\/v2\/posts\/670270","targetHints":{"allow":["GET"]}}],"collection":[{"href":"https:\/\/www.europesays.com\/es\/wp-json\/wp\/v2\/posts"}],"about":[{"href":"https:\/\/www.europesays.com\/es\/wp-json\/wp\/v2\/types\/post"}],"author":[{"embeddable":true,"href":"https:\/\/www.europesays.com\/es\/wp-json\/wp\/v2\/users\/2"}],"replies":[{"embeddable":true,"href":"https:\/\/www.europesays.com\/es\/wp-json\/wp\/v2\/comments?post=670270"}],"version-history":[{"count":0,"href":"https:\/\/www.europesays.com\/es\/wp-json\/wp\/v2\/posts\/670270\/revisions"}],"wp:featuredmedia":[{"embeddable":true,"href":"https:\/\/www.europesays.com\/es\/wp-json\/wp\/v2\/media\/670271"}],"wp:attachment":[{"href":"https:\/\/www.europesays.com\/es\/wp-json\/wp\/v2\/media?parent=670270"}],"wp:term":[{"taxonomy":"category","embeddable":true,"href":"https:\/\/www.europesays.com\/es\/wp-json\/wp\/v2\/categories?post=670270"},{"taxonomy":"post_tag","embeddable":true,"href":"https:\/\/www.europesays.com\/es\/wp-json\/wp\/v2\/tags?post=670270"}],"curies":[{"name":"wp","href":"https:\/\/api.w.org\/{rel}","templated":true}]}}