{"id":670315,"date":"2026-07-21T22:17:13","date_gmt":"2026-07-21T22:17:13","guid":{"rendered":"https:\/\/www.europesays.com\/es\/670315\/"},"modified":"2026-07-21T22:17:13","modified_gmt":"2026-07-21T22:17:13","slug":"christopher-morales-vuela-en-la-baneza-y-estrena-el-liderato-de-la-vuelta-a-castilla-y-leon-elite-y-sub-23-esciclismo","status":"publish","type":"post","link":"https:\/\/www.europesays.com\/es\/670315\/","title":{"rendered":"Christopher Morales vuela en La Ba\u00f1eza y estrena el liderato de la Vuelta a Castilla y Le\u00f3n \u00e9lite y sub-23 &#8211; Esciclismo"},"content":{"rendered":"<ol>\n<li><a href=\"https:\/\/news.google.com\/rss\/articles\/CBMiakFVX3lxTFBubktSejEwMkh2enNyS2xpWkc1NVJTVjhWNzZSTktiUEpSNUFSU0lQXzgyVFlieERVWEQ5V3NRbmhpdEEzQzJ2ZFpHWXVtR1BTSWVrY05oVlhRUlVwQ1V5R0UwU1F1S29IcVE?oc=5\" target=\"_blank\" rel=\"nofollow noopener\">Christopher Morales vuela en La Ba\u00f1eza y estrena el liderato de la Vuelta a Castilla y Le\u00f3n \u00e9lite y sub-23<\/a>&nbsp;&nbsp;Esciclismo<\/li>\n<li><a href=\"https:\/\/news.google.com\/rss\/articles\/CBMia0FVX3lxTE05NmQwNHViSkJrNncwSHVMbzBHVnIxUjk2VG9BakZnMzZaU0NmTlBLTHhIeU1yRE9jcmw5ZUF4SW9MNmhmRk1zSUtGaUo4eHppdGFVeWc4dXhObFV0dUtQWGpLZWljcExrX1dz?oc=5\" target=\"_blank\" rel=\"nofollow noopener\">Vuelta Castilla y Le\u00f3n: recorrido, etapas y equipos<\/a>&nbsp;&nbsp;Ciclo21<\/li>\n<li><a href=\"https:\/\/news.google.com\/rss\/articles\/CBMi2wFBVV95cUxPTWhNWGJGa3ZBQUh3WlJkMjZxUjFuZWNuY256QzVQVENiekhtN1FHOVpoSlF4cFk1aFFCM0QzZWVOSHMtVEczV29NMVZiZEZRVDVfVE1yR2E5SXZwcWVyaW9tSnUwcHAxOUN3SUs0NjZhRzU5X3Y1UERwemFWZlhnejFPZkNYdGJ5Q25kOGRSVXZaT0hDV1pycE14MHNHSWh0N1dtOUFCeGpZNmJOT2l3ZnNFdUdsQ2d3NGdWS2FoVDY1TDNkLXhvR1FjanJ2eVBubWdkbVRlVDhBU3M?oc=5\" target=\"_blank\" rel=\"nofollow noopener\">Cristopher Morales vuela desde Aguilar de Campoo a La Ba\u00f1eza<\/a>&nbsp;&nbsp;Diario Palentino<\/li>\n<li><a href=\"https:\/\/news.google.com\/rss\/articles\/CBMiuAFBVV95cUxPQ2lOdl9pb3M5SVVBc2pQMG9BcU1yVkYyVERaaEpLOC1lMWw1V2FSa3lKRDZYOS1ESUtmLVdQMEZzbGVodDZFcUp3eXNfYzRGdmFwQm1CR2Z2QzhfSVdLdVBBVzJlM0Z5cVp2Z0NSZWJQdl84XzBmZWlxQWNJSmZPcHJqLXVHam9tdVdVVzdic25CWTc0a0lfQkRuRGtVWmRwS3FobEhOZnVZV1pTbHpyZjVQR3FaY3RL?oc=5\" target=\"_blank\" rel=\"nofollow noopener\">Christopher Morales, primer maillot rojo de la III Vuelta a Castilla y Le\u00f3n \u00e9lite y sub-23<\/a>&nbsp;&nbsp;La Gaceta de Salamanca<\/li>\n<li><a href=\"https:\/\/news.google.com\/rss\/articles\/CBMiiwFBVV95cUxNMkxCWS1UdjYybHB3OGk2UkVFQ1RCZWI1VkdzbW5KNkFBcEZUQnJmbnNnYUM4S3c5eGxCWkpWRUZXTURNRTZ3WjZ2b0l0dFBlTDZheWZOMXZqd01TVU5mRE03bE4tZ0dIQVIxRUdvSUQwTnBEanV6R3BETGIwT2RiaDJ5cGJUUmROT2pB?oc=5\" target=\"_blank\" rel=\"nofollow noopener\">Llegada a La Ba\u00f1eza de la Vuelta a Castilla y Le\u00f3n (9)<\/a>&nbsp;&nbsp;La Nueva Cr\u00f3nica<\/li>\n<\/ol>\n","protected":false},"excerpt":{"rendered":"Christopher Morales vuela en La Ba\u00f1eza y estrena el liderato de la Vuelta a Castilla y Le\u00f3n \u00e9lite&hellip;\n","protected":false},"author":2,"featured_media":670316,"comment_status":"","ping_status":"","sticky":false,"template":"","format":"standard","meta":{"footnotes":""},"categories":[273],"tags":[26523,4107,16008,313,1757,900,13646,65913,312,168,158,1755,49826,25,24,31389,5671,16745,5805,4108,5564,12868,7797,4126,2799,4690,977,83814,64462,23,167,4039,3212,2752,1357],"class_list":["post-670315","post","type-post","status-publish","format-standard","has-post-thumbnail","category-ciclismo","tag-baneza","tag-castilla","tag-christopher","tag-ciclismo","tag-ciclista","tag-convirtio","tag-corredores","tag-culmino","tag-cycling","tag-deportes","tag-el","tag-elite","tag-empuje","tag-es","tag-espana","tag-froiz","tag-fuga","tag-iii","tag-imponerse","tag-leon","tag-lider","tag-logro","tag-martes","tag-morales","tag-ocho","tag-peloton","tag-primer","tag-puertorriqueno","tag-resistir","tag-spain","tag-sports","tag-sub","tag-supermercados","tag-trabajo","tag-vuelta"],"share_on_mastodon":{"url":"https:\/\/pubeurope.com\/@es\/116960286944645682","error":""},"_links":{"self":[{"href":"https:\/\/www.europesays.com\/es\/wp-json\/wp\/v2\/posts\/670315","targetHints":{"allow":["GET"]}}],"collection":[{"href":"https:\/\/www.europesays.com\/es\/wp-json\/wp\/v2\/posts"}],"about":[{"href":"https:\/\/www.europesays.com\/es\/wp-json\/wp\/v2\/types\/post"}],"author":[{"embeddable":true,"href":"https:\/\/www.europesays.com\/es\/wp-json\/wp\/v2\/users\/2"}],"replies":[{"embeddable":true,"href":"https:\/\/www.europesays.com\/es\/wp-json\/wp\/v2\/comments?post=670315"}],"version-history":[{"count":0,"href":"https:\/\/www.europesays.com\/es\/wp-json\/wp\/v2\/posts\/670315\/revisions"}],"wp:featuredmedia":[{"embeddable":true,"href":"https:\/\/www.europesays.com\/es\/wp-json\/wp\/v2\/media\/670316"}],"wp:attachment":[{"href":"https:\/\/www.europesays.com\/es\/wp-json\/wp\/v2\/media?parent=670315"}],"wp:term":[{"taxonomy":"category","embeddable":true,"href":"https:\/\/www.europesays.com\/es\/wp-json\/wp\/v2\/categories?post=670315"},{"taxonomy":"post_tag","embeddable":true,"href":"https:\/\/www.europesays.com\/es\/wp-json\/wp\/v2\/tags?post=670315"}],"curies":[{"name":"wp","href":"https:\/\/api.w.org\/{rel}","templated":true}]}}