{"id":670381,"date":"2026-07-21T23:10:26","date_gmt":"2026-07-21T23:10:26","guid":{"rendered":"https:\/\/www.europesays.com\/es\/670381\/"},"modified":"2026-07-21T23:10:26","modified_gmt":"2026-07-21T23:10:26","slug":"competencia-autoriza-a-atresmedia-la-compra-de-clear-channel-espana-para-crecer-en-la-publicidad-exterior-empresas","status":"publish","type":"post","link":"https:\/\/www.europesays.com\/es\/670381\/","title":{"rendered":"Competencia autoriza a Atresmedia la compra de Clear Channel Espa\u00f1a para crecer en la publicidad exterior | Empresas"},"content":{"rendered":"<p class=\"\">Movimiento de relevancia para Atresmedia ante una de las mayores operaciones corporativas de su historia. La matriz de Antena 3 ha anunciado este martes que la Comisi\u00f3n Nacional de los Mercados y la Competencia (CNMC) ha autorizado en primera fase la adquisici\u00f3n del 100% del capital social de Clear Channel Espa\u00f1a, uno de los principales grupos del \u00e1mbito de la publicidad exterior. En un hecho relevante remitido a la Comisi\u00f3n Nacional del Mercado de Valores (CNMV), <a href=\"https:\/\/cincodias.elpais.com\/companias\/2025-09-08\/atresmedia-compra-el-negocio-de-clear-channel-en-espana-por-115-millones-y-acelera-la-diversificacion.html\" target=\"_self\" rel=\"nofollow noopener\" title=\"https:\/\/cincodias.elpais.com\/companias\/2025-09-08\/atresmedia-compra-el-negocio-de-clear-channel-en-espana-por-115-millones-y-acelera-la-diversificacion.html\">la compa\u00f1\u00eda se\u00f1ala que la autorizaci\u00f3n permite<\/a> avanzar hacia el cierre de la operaci\u00f3n en los plazos previstos, manteniendo los objetivos y el encaje estrat\u00e9gico de la compra. <\/p>\n<p class=\"\">En septiembre del pasado a\u00f1o, Atresmedia cerr\u00f3 un acuerdo con Clear Channel Outdoor Holdings para la adquisici\u00f3n de su negocio en Espa\u00f1a, mediante la compra del 100% del capital social de Clear Channel Espa\u00f1a. La cadena televisiva dijo entonces que el precio de compra previsto en la transacci\u00f3n ascend\u00eda a 115 millones de euros. La compra llegaba tras un proceso llevado a cabo por el grupo estadounidense, que buscaba salir de distintos negocios en el Viejo Continente.<\/p>\n<p class=\"\">Atresmedia destac\u00f3 que, con la operaci\u00f3n, ampliar\u00eda su presencia al \u00e1mbito de la publicidad exterior, integrando a uno de los operadores con mayor relevancia y experiencia en el sector. \u201cLa incorporaci\u00f3n de Clear Channel supone asimismo una oportunidad estrat\u00e9gica de crecimiento en el terreno digital, al aprovechar el proceso de transformaci\u00f3n tecnol\u00f3gica del medio exterior y su capacidad de generar nuevas soluciones innovadoras para anunciantes y clientes\u201d, dijo la matriz de Antena 3. <\/p>\n<p class=\"\">La filial espa\u00f1ola de Clear Channel cuenta con unos ingresos anuales cercanos a 100 millones de euros, con un margen de ebitda (beneficio bruto de explotaci\u00f3n) pr\u00f3ximo al 20%. Adem\u00e1s, Clear Channel Espa\u00f1a tiene cerca de 39.000 caras publicitarias, de las que en torno a la mitad est\u00e1n digitalizadas, lo que permite maximizar su explotaci\u00f3n publicitaria. La empresa, igualmente, tiene presencia en la mayor\u00eda de las ciudades espa\u00f1olas.<\/p>\n<p class=\"\">El gigante JC Decaux trat\u00f3 de adquirir Clear Channel Espa\u00f1a en 2023, pero, finalmente, la transacci\u00f3n no se cerr\u00f3 por las reticencias de las autoridades de la competencia.<\/p>\n<p class=\"\">Para Atresmedia, la operaci\u00f3n supone un paso m\u00e1s en su estrategia de <a href=\"https:\/\/cincodias.elpais.com\/companias\/2025-07-23\/atresmedia-acelera-en-su-diversificacion-y-compra-la-compania-de-eventos-last-lap-por-17-millones.html\" target=\"_self\" rel=\"nofollow noopener\" title=\"https:\/\/cincodias.elpais.com\/companias\/2025-07-23\/atresmedia-acelera-en-su-diversificacion-y-compra-la-compania-de-eventos-last-lap-por-17-millones.html\">diversificaci\u00f3n de los negocios y las fuentes de ingresos<\/a>. En julio de 2025, anunci\u00f3 una operaci\u00f3n para crecer en el \u00e1mbito de la promoci\u00f3n y organizaci\u00f3n de eventos, especialmente deportivos. Atresmedia comunic\u00f3 la compra del 75% del capital social de la compa\u00f1\u00eda Last Lap por un importe de 17,25 millones de euros. Esta compa\u00f1\u00eda se dedicaba a la promoci\u00f3n, organizaci\u00f3n, ejecuci\u00f3n y comunicaci\u00f3n de toda clase de eventos, la prestaci\u00f3n de servicios de marketing experiencial para clientes y marcas, y la distribuci\u00f3n y comercializaci\u00f3n de elementos y derechos relacionados con dichos eventos, tanto en Espa\u00f1a como en el extranjero.<\/p>\n<p class=\"\">Con la transacci\u00f3n, Atresmedia aspiraba a convertirse en un l\u00edder nacional de este sector con unas previsiones de ingresos superiores a 50 millones de euros anuales.<\/p>\n","protected":false},"excerpt":{"rendered":"Movimiento de relevancia para Atresmedia ante una de las mayores operaciones corporativas de su historia. La matriz de&hellip;\n","protected":false},"author":2,"featured_media":670382,"comment_status":"","ping_status":"","sticky":false,"template":"","format":"standard","meta":{"footnotes":""},"categories":[171],"tags":[151,59198,5262,2308,146,147,25,24,24079,2164,6561,6371,23,214],"class_list":["post-670381","post","type-post","status-publish","format-standard","has-post-thumbnail","category-tv","tag-atresmedia","tag-clear-channel","tag-comunicacion","tag-empresas","tag-entertainment","tag-entretenimiento","tag-es","tag-espana","tag-fusiones-empresariales","tag-medios-comunicacion","tag-operaciones-corporativas","tag-publicidad","tag-spain","tag-tv"],"share_on_mastodon":{"url":"https:\/\/pubeurope.com\/@es\/116960495253083591","error":""},"_links":{"self":[{"href":"https:\/\/www.europesays.com\/es\/wp-json\/wp\/v2\/posts\/670381","targetHints":{"allow":["GET"]}}],"collection":[{"href":"https:\/\/www.europesays.com\/es\/wp-json\/wp\/v2\/posts"}],"about":[{"href":"https:\/\/www.europesays.com\/es\/wp-json\/wp\/v2\/types\/post"}],"author":[{"embeddable":true,"href":"https:\/\/www.europesays.com\/es\/wp-json\/wp\/v2\/users\/2"}],"replies":[{"embeddable":true,"href":"https:\/\/www.europesays.com\/es\/wp-json\/wp\/v2\/comments?post=670381"}],"version-history":[{"count":0,"href":"https:\/\/www.europesays.com\/es\/wp-json\/wp\/v2\/posts\/670381\/revisions"}],"wp:featuredmedia":[{"embeddable":true,"href":"https:\/\/www.europesays.com\/es\/wp-json\/wp\/v2\/media\/670382"}],"wp:attachment":[{"href":"https:\/\/www.europesays.com\/es\/wp-json\/wp\/v2\/media?parent=670381"}],"wp:term":[{"taxonomy":"category","embeddable":true,"href":"https:\/\/www.europesays.com\/es\/wp-json\/wp\/v2\/categories?post=670381"},{"taxonomy":"post_tag","embeddable":true,"href":"https:\/\/www.europesays.com\/es\/wp-json\/wp\/v2\/tags?post=670381"}],"curies":[{"name":"wp","href":"https:\/\/api.w.org\/{rel}","templated":true}]}}