{"id":670536,"date":"2026-07-22T01:08:14","date_gmt":"2026-07-22T01:08:14","guid":{"rendered":"https:\/\/www.europesays.com\/es\/670536\/"},"modified":"2026-07-22T01:08:14","modified_gmt":"2026-07-22T01:08:14","slug":"la-portada-de-sport-de-hoy-miercoles-22-de-julio-de-2026","status":"publish","type":"post","link":"https:\/\/www.europesays.com\/es\/670536\/","title":{"rendered":"La portada de SPORT de hoy mi\u00e9rcoles, 22 de julio de 2026"},"content":{"rendered":"<p class=\"ft-text\">Aymeric Laporte ha sido uno de los grandes protagonistas del \u00faltimo Mundial y ahora se ha convertido en objetivo del Bar\u00e7a, tal y como reza la portada de SPORT de este mi\u00e9rcoles. El central del Athletic, que tan buena pareja ha hecho con Cubars\u00ed sobre el c\u00e9sped, podr\u00eda ser blaugrana por menos de 15 millones. Laporta y Deco, que le vieron en esta \u00faltima Copa del Mundo, iniciar\u00e1n contactos por su fichaje.<\/p>\n<p><img decoding=\"async\" src=\"https:\/\/www.europesays.com\/es\/wp-content\/uploads\/2026\/07\/2f1a9f8e-f0b7-49ef-95d8-c7f0d36cd7a5_alta-libre-aspect-ratio_default_0_x853y699.jpg\" width=\"1200\" height=\"1474\" alt=\"Esta es la portada de SPORT de hoy mi\u00e9rcoles, 22 de julio de 2026\" class=\"ft-helper-img-rd\" loading=\"lazy\" fetchpriority=\"auto\"\/><\/p>\n<p class=\"ft-helper-fontColor-quaternary ft-helper-fontSize-body-S ft-helper-spacer-t-xxs\">Esta es la portada de SPORT de hoy  \/ SPORT.es<\/p>\n<p class=\"ft-text\">Y a\u00fan se sigue hablando de la gran final del pasado domingo. Argentina quiere la revancha y podr\u00eda enfrentarse en Qatar el pr\u00f3ximo mes de noviembre, en lo que en su d\u00eda fue la Finalissima que tuvo que suspenderse. Por cierto, en nuestra edici\u00f3n de hoy adjuntamos un p\u00f3ster de los campeones mundiales en p\u00e1ginas centrales.<\/p>\n<p class=\"ft-text\">En el Real Madrid, Rodri es el nombre propio de las \u00faltimas horas. El capit\u00e1n de la selecci\u00f3n espa\u00f1ola divide al madridismo, ya que hay quienes abogan por su fichaje, pero el principal obst\u00e1culo  es Florentino P\u00e9rez, ya que el presidente blanco no ve con buenos ojos su incorporaci\u00f3n.<\/p>\n<p class=\"ft-text\">Hablando de incorporaciones, donde siguen cayendo los fichajes es en el Bar\u00e7a de basket. El \u00faltimo en llegar es el alero Stanley Umude, toda una sorpresa en un conjunto que a\u00fan no tiene entrenador de forma oficial.<\/p>\n<p class=\"ft-text\">Y en el Tour de Francia, gran exhibici\u00f3n de Evenepoel en la \u00fanica contrarreloj individual de esta edici\u00f3n. La mala noticia para el ciclismo espa\u00f1ol es que Juan Ayuso se aleja del podio final.<\/p>\n<p class=\"ft-text\">Estos son algunos de los argumentos informativos que desarrollamos en nuestra edici\u00f3n de SPORT de hoy. La encontrar\u00e1 desde primera hora en su punto de venta habitual.<\/p>\n","protected":false},"excerpt":{"rendered":"Aymeric Laporte ha sido uno de los grandes protagonistas del \u00faltimo Mundial y ahora se ha convertido en&hellip;\n","protected":false},"author":2,"featured_media":670537,"comment_status":"","ping_status":"","sticky":false,"template":"","format":"standard","meta":{"footnotes":""},"categories":[93],"tags":[18891,2204,168,25,24,315,295,338,23,3020,167],"class_list":["post-670536","post","type-post","status-publish","format-standard","has-post-thumbnail","category-deportes","tag-18891","tag-aymeric-laporte","tag-deportes","tag-es","tag-espana","tag-hoy","tag-miercoles","tag-portada","tag-spain","tag-sport","tag-sports"],"share_on_mastodon":{"url":"","error":""},"_links":{"self":[{"href":"https:\/\/www.europesays.com\/es\/wp-json\/wp\/v2\/posts\/670536","targetHints":{"allow":["GET"]}}],"collection":[{"href":"https:\/\/www.europesays.com\/es\/wp-json\/wp\/v2\/posts"}],"about":[{"href":"https:\/\/www.europesays.com\/es\/wp-json\/wp\/v2\/types\/post"}],"author":[{"embeddable":true,"href":"https:\/\/www.europesays.com\/es\/wp-json\/wp\/v2\/users\/2"}],"replies":[{"embeddable":true,"href":"https:\/\/www.europesays.com\/es\/wp-json\/wp\/v2\/comments?post=670536"}],"version-history":[{"count":0,"href":"https:\/\/www.europesays.com\/es\/wp-json\/wp\/v2\/posts\/670536\/revisions"}],"wp:featuredmedia":[{"embeddable":true,"href":"https:\/\/www.europesays.com\/es\/wp-json\/wp\/v2\/media\/670537"}],"wp:attachment":[{"href":"https:\/\/www.europesays.com\/es\/wp-json\/wp\/v2\/media?parent=670536"}],"wp:term":[{"taxonomy":"category","embeddable":true,"href":"https:\/\/www.europesays.com\/es\/wp-json\/wp\/v2\/categories?post=670536"},{"taxonomy":"post_tag","embeddable":true,"href":"https:\/\/www.europesays.com\/es\/wp-json\/wp\/v2\/tags?post=670536"}],"curies":[{"name":"wp","href":"https:\/\/api.w.org\/{rel}","templated":true}]}}