{"id":670696,"date":"2026-07-22T03:31:20","date_gmt":"2026-07-22T03:31:20","guid":{"rendered":"https:\/\/www.europesays.com\/es\/670696\/"},"modified":"2026-07-22T03:31:20","modified_gmt":"2026-07-22T03:31:20","slug":"novo-nordisk-la-creadora-de-ozempic-demanda-a-su-rival-eli-lilly-en-estados-unidos-por-publicidad-enganosa","status":"publish","type":"post","link":"https:\/\/www.europesays.com\/es\/670696\/","title":{"rendered":"Novo Nordisk, la creadora de Ozempic, demanda a su rival Eli Lilly en Estados Unidos por publicidad enga\u00f1osa"},"content":{"rendered":"<p class=\"article-text\">\n        La empresa farmac\u00e9utica danesa <a href=\"https:\/\/www.eldiario.es\/economia\/farmaceutica-fabricante-ozempic-despedira-9-000-trabajadores-11-plantilla_1_12591360.html\" data-mrf-recirculation=\"links-noticia\" class=\"link\" rel=\"nofollow noopener\" target=\"_blank\">Novo Nordisk<\/a>, fabricante del medicamento contra la obesidad <a href=\"https:\/\/www.eldiario.es\/era\/pastillas-zapatillas-delgadez-esfuerzos-ozempic-convertido-forma-juicio_1_13369385.html\" data-mrf-recirculation=\"links-noticia\" class=\"link\" rel=\"nofollow noopener\" target=\"_blank\">Ozempic<\/a>, ha presentado una demanda contra la farmac\u00e9utica Eli Lilly este martes en Nueva Jersey, al alegar que \u00e9sta utiliza publicidad enga\u00f1osa para inducir a error a los consumidores.\n    <\/p>\n<p>    <a href=\"https:\/\/www.eldiario.es\/sociedad\/efecto-farmacos-ozempic-envejecimiento_1_13353551.html\" data-mrf-recirculation=\"saber-mas\" data-dl-event=\"saber-mas\" rel=\"nofollow noopener\" target=\"_blank\"><\/p>\n<p class=\"know-more__title\">\u00bfQu\u00e9 efecto pueden tener f\u00e1rmacos como el Ozempic sobre el envejecimiento?<\/p>\n<p>            <img decoding=\"async\" class=\"lazy\" loading=\"lazy\" data-src=\"https:\/\/static.eldiario.es\/clip\/e9107381-e3a7-4795-b6c8-9aac6e2e4a0e_16-9-aspect-ratio_default_0.jpg\" src=\"data:image\/svg+xml,%3Csvg xmlns=\" http:=\"\" viewbox=\"0 0 880 495\" alt=\"\u00bfQu\u00e9 efecto pueden tener f\u00e1rmacos como el Ozempic sobre el envejecimiento?\"\/><\/p>\n<p>                        <\/a><\/p>\n<p class=\"article-text\">\n        La demanda acusa a <a href=\"https:\/\/www.eldiario.es\/economia\/farmacos-adelgazar-aumentan-45-ingresos-farmaceutica-eli-lilly_1_12264616.html\" data-mrf-recirculation=\"links-noticia\" class=\"link\" rel=\"nofollow noopener\" target=\"_blank\">Eli Lilly<\/a> de emplear estudios desactualizados para promocionar en Estados Unidos sus medicamentos de la clase GLP-1 -Mounjaro y Zepbound-, que afirman que ayuda a los consumidores a perder, en promedio, una cantidad de peso significativamente mayor que Ozempic y Wegovy, de Novo Nordisk, informa EFE.\n    <\/p>\n<p class=\"article-text\">\n        Seg\u00fan Novo Nordisk, los datos m\u00e1s recientes demuestran que los medicamentos de la compa\u00f1\u00eda permiten a los pacientes perder una cantidad de peso comparable.\n    <\/p>\n<p class=\"article-text\">\n        La demanda de Novo Nordisk pide al tribunal que impida a Eli Lilly emitir los anuncios y que exija al fabricante de medicamentos que emita publicidad correctiva.\n    <\/p>\n<p>    <a href=\"https:\/\/www.eldiario.es\/era\/pastillas-zapatillas-delgadez-esfuerzos-ozempic-convertido-forma-juicio_1_13369385.html\" data-mrf-recirculation=\"saber-mas-abajo\" data-dl-event=\"saber-mas-abajo\" rel=\"nofollow noopener\" target=\"_blank\"><\/p>\n<p class=\"know-more__title\">\u201cMenos pastillas y m\u00e1s zapatillas\u201d: c\u00f3mo la delgadez \u201csin esfuerzos\u201d de Ozempic se ha convertido en otra forma de juicio\n<\/p>\n<p>            <img decoding=\"async\" class=\"lazy\" loading=\"lazy\" data-src=\"https:\/\/static.eldiario.es\/clip\/bb55d844-6ff7-4ea3-89d6-80d6424bb26c_16-9-aspect-ratio_default_0_x383y229.jpg\" src=\"data:image\/svg+xml,%3Csvg xmlns=\" http:=\"\" viewbox=\"0 0 880 495\" alt=\"\u201cMenos pastillas y m\u00e1s zapatillas\u201d: c\u00f3mo la delgadez \u201csin esfuerzos\u201d de Ozempic se ha convertido en otra forma de juicio\"\/><\/p>\n<p>                        <\/a><\/p>\n<p class=\"article-text\">\n        La empresa danesa tambi\u00e9n solicita da\u00f1os econ\u00f3micos, aunque no est\u00e1 claro a cu\u00e1nto ascienden, de acuerdo con CNBC.\n    <\/p>\n","protected":false},"excerpt":{"rendered":"La empresa farmac\u00e9utica danesa Novo Nordisk, fabricante del medicamento contra la obesidad Ozempic, ha presentado una demanda contra&hellip;\n","protected":false},"author":2,"featured_media":670697,"comment_status":"","ping_status":"","sticky":false,"template":"","format":"standard","meta":{"footnotes":""},"categories":[80],"tags":[82,42297,6386,95,94,11115,122057,25,24,4217,7216,8794,8793,8799,6371,6260,23,4218],"class_list":["post-670696","post","type-post","status-publish","format-standard","has-post-thumbnail","category-economia","tag-business","tag-creadora","tag-demanda","tag-economia","tag-economy","tag-eli","tag-enganosa","tag-es","tag-espana","tag-estados","tag-lilly","tag-nordisk","tag-novo","tag-ozempic","tag-publicidad","tag-rival","tag-spain","tag-unidos"],"share_on_mastodon":{"url":"https:\/\/pubeurope.com\/@es\/116961521635178624","error":""},"_links":{"self":[{"href":"https:\/\/www.europesays.com\/es\/wp-json\/wp\/v2\/posts\/670696","targetHints":{"allow":["GET"]}}],"collection":[{"href":"https:\/\/www.europesays.com\/es\/wp-json\/wp\/v2\/posts"}],"about":[{"href":"https:\/\/www.europesays.com\/es\/wp-json\/wp\/v2\/types\/post"}],"author":[{"embeddable":true,"href":"https:\/\/www.europesays.com\/es\/wp-json\/wp\/v2\/users\/2"}],"replies":[{"embeddable":true,"href":"https:\/\/www.europesays.com\/es\/wp-json\/wp\/v2\/comments?post=670696"}],"version-history":[{"count":0,"href":"https:\/\/www.europesays.com\/es\/wp-json\/wp\/v2\/posts\/670696\/revisions"}],"wp:featuredmedia":[{"embeddable":true,"href":"https:\/\/www.europesays.com\/es\/wp-json\/wp\/v2\/media\/670697"}],"wp:attachment":[{"href":"https:\/\/www.europesays.com\/es\/wp-json\/wp\/v2\/media?parent=670696"}],"wp:term":[{"taxonomy":"category","embeddable":true,"href":"https:\/\/www.europesays.com\/es\/wp-json\/wp\/v2\/categories?post=670696"},{"taxonomy":"post_tag","embeddable":true,"href":"https:\/\/www.europesays.com\/es\/wp-json\/wp\/v2\/tags?post=670696"}],"curies":[{"name":"wp","href":"https:\/\/api.w.org\/{rel}","templated":true}]}}