{"id":670779,"date":"2026-07-22T04:42:12","date_gmt":"2026-07-22T04:42:12","guid":{"rendered":"https:\/\/www.europesays.com\/es\/670779\/"},"modified":"2026-07-22T04:42:12","modified_gmt":"2026-07-22T04:42:12","slug":"iberdrola-comprara-una-participacion-mayoritaria-en-la-finlandesa-caruna","status":"publish","type":"post","link":"https:\/\/www.europesays.com\/es\/670779\/","title":{"rendered":"Iberdrola comprar\u00e1 una participaci\u00f3n mayoritaria en la finlandesa Caruna."},"content":{"rendered":"<p>    <a href=\"https:\/\/s.yimg.com\/lo\/mysterio\/api\/9C99A4BC643F354779060F7D6C8416A4D8D09B6402ECF6EC29ACD538783B3688\/subgraphmysterio\/resizefit_w960;quality_80;format_webp\/https:%2F%2Fmedia.zenfs.com%2Fes%2Fmt_newswires_spain_624%2Fb81a860b48e2c8bf3babbced41f97e3a\" target=\"_blank\" rel=\"noopener noreferrer nofollow\"><img loading=\"lazy\" decoding=\"async\" src=\"data:image\/gif;base64,R0lGODlhAQABAIAAAAAAAP\/\/\/ywAAAAAAQABAAACAUwAOw==\" alt=\"MT Newswires - Shutterstock\" height=\"403\" width=\"768\" class=\"yf-lf2kr7 loader\"\/><\/a> MT Newswires -Shutterstock           <\/p>\n<p class=\"text text-block paragraph text-left neo-font-paragraph-xl-reg  yf-18d6y07\" style=\"text-decoration: none; font-style: normal; text-transform: none; text-align: inherit; font-variant-numeric: normal;\">Iberdrola (IBE.MC) acord\u00f3 la compra del 80% de Caruna, operador finland\u00e9s de la red de distribuci\u00f3n el\u00e9ctrica, por 2.000 millones de euros.Seg\u00fan un comunicado publicado el martes, la operaci\u00f3n valora a Caruna en 5.000 millones de euros, incluyendo su deuda financiera. Los fondos de pensiones n\u00f3rdicos AMF y Elo conservar\u00e1n una participaci\u00f3n del 20% en la compa\u00f1\u00eda.La empresa el\u00e9ctrica espa\u00f1ola prev\u00e9 cerrar la operaci\u00f3n en el primer trimestre de 2027, sujeta a las aprobaciones regulatorias habituales.  <\/p>\n","protected":false},"excerpt":{"rendered":"MT Newswires -Shutterstock Iberdrola (IBE.MC) acord\u00f3 la compra del 80% de Caruna, operador finland\u00e9s de la red de&hellip;\n","protected":false},"author":2,"featured_media":663317,"comment_status":"","ping_status":"","sticky":false,"template":"","format":"standard","meta":{"footnotes":""},"categories":[80],"tags":[82,95,94,25,24,122089,7131,122088,23],"class_list":["post-670779","post","type-post","status-publish","format-standard","has-post-thumbnail","category-economia","tag-business","tag-economia","tag-economy","tag-es","tag-espana","tag-fondos-de-pensiones","tag-iberdrola","tag-la-red-de-distribucion-electrica","tag-spain"],"share_on_mastodon":{"url":"https:\/\/pubeurope.com\/@es\/116961800775994826","error":""},"_links":{"self":[{"href":"https:\/\/www.europesays.com\/es\/wp-json\/wp\/v2\/posts\/670779","targetHints":{"allow":["GET"]}}],"collection":[{"href":"https:\/\/www.europesays.com\/es\/wp-json\/wp\/v2\/posts"}],"about":[{"href":"https:\/\/www.europesays.com\/es\/wp-json\/wp\/v2\/types\/post"}],"author":[{"embeddable":true,"href":"https:\/\/www.europesays.com\/es\/wp-json\/wp\/v2\/users\/2"}],"replies":[{"embeddable":true,"href":"https:\/\/www.europesays.com\/es\/wp-json\/wp\/v2\/comments?post=670779"}],"version-history":[{"count":0,"href":"https:\/\/www.europesays.com\/es\/wp-json\/wp\/v2\/posts\/670779\/revisions"}],"wp:featuredmedia":[{"embeddable":true,"href":"https:\/\/www.europesays.com\/es\/wp-json\/wp\/v2\/media\/663317"}],"wp:attachment":[{"href":"https:\/\/www.europesays.com\/es\/wp-json\/wp\/v2\/media?parent=670779"}],"wp:term":[{"taxonomy":"category","embeddable":true,"href":"https:\/\/www.europesays.com\/es\/wp-json\/wp\/v2\/categories?post=670779"},{"taxonomy":"post_tag","embeddable":true,"href":"https:\/\/www.europesays.com\/es\/wp-json\/wp\/v2\/tags?post=670779"}],"curies":[{"name":"wp","href":"https:\/\/api.w.org\/{rel}","templated":true}]}}