{"id":670911,"date":"2026-07-22T06:41:24","date_gmt":"2026-07-22T06:41:24","guid":{"rendered":"https:\/\/www.europesays.com\/es\/670911\/"},"modified":"2026-07-22T06:41:24","modified_gmt":"2026-07-22T06:41:24","slug":"aviso-por-calor-en-andalucia-llegan-las-48-horas-criticas","status":"publish","type":"post","link":"https:\/\/www.europesays.com\/es\/670911\/","title":{"rendered":"Aviso por calor en Andaluc\u00eda: llegan las 48 horas &#8216;cr\u00edticas&#8217;"},"content":{"rendered":"<p><img decoding=\"async\" class=\"v-ath__i\" loading=\"lazy\" src=\"https:\/\/www.europesays.com\/es\/wp-content\/uploads\/2026\/07\/autor-392-foto-4.png\" alt=\"Carlos Valdemoros\"\/><\/p>\n<p>21\/07\/2026<\/p>\n<p>Actualizado a las 15:27h.<\/p>\n<p class=\"v-d-p\" style=\"\">Calor extremo en Andaluc\u00eda durante las pr\u00f3ximas 48 horas. La comunidad andaluza afronta una nueva fase de calor intenso con avisos meteorol\u00f3gicos extendidos por buena parte de la comunidad. Cabe destacar que la situaci\u00f3n afecta especialmente al interior, donde numerosos municipios aparecen en nivel de peligro importante.<\/p>\n<p class=\"v-d-p\" style=\"\">El mapa interactivo permite consultar la previsi\u00f3n municipio a municipio para los d\u00edas 21 y 22 de julio, diferenciando entre municipios en situaci\u00f3n normal, aviso bajo y aviso importante. La informaci\u00f3n resulta especialmente \u00fatil para comprobar de forma r\u00e1pida el nivel de riesgo en cada localidad, ya que dentro de una misma provincia pueden existir diferencias relevantes entre comarcas.<\/p>\n<p>Avisos meteorol\u00f3gicos para el 21 de julioPara el 22 de julio    <\/p>\n<p class=\"v-d-p\" style=\"\">La ola de calor se mantiene activa durante varios d\u00edas y las temperaturas elevadas seguir\u00e1n condicionando la actividad diaria, especialmente en las horas centrales. Las autoridades recomiendan evitar esfuerzos f\u00edsicos al aire libre, hidratarse con frecuencia y extremar la precauci\u00f3n con personas mayores, menores y trabajadores expuestos al calor.<\/p>\n","protected":false},"excerpt":{"rendered":"21\/07\/2026 Actualizado a las 15:27h. Calor extremo en Andaluc\u00eda durante las pr\u00f3ximas 48 horas. La comunidad andaluza afronta&hellip;\n","protected":false},"author":2,"featured_media":670912,"comment_status":"","ping_status":"","sticky":false,"template":"","format":"standard","meta":{"footnotes":""},"categories":[8],"tags":[259,2977,17,18,4922,25,24,13,14,11,19,20,5968,9,10,15,16,23,12,21,22],"class_list":["post-670911","post","type-post","status-publish","format-standard","has-post-thumbnail","category-espana","tag-andalucia","tag-aviso","tag-breaking-news","tag-breakingnews","tag-calor","tag-es","tag-espana","tag-featured-news","tag-featurednews","tag-headlines","tag-latest-news","tag-latestnews","tag-mantiene","tag-news","tag-noticias","tag-noticias-destacadas","tag-noticiasdestacadas","tag-spain","tag-titulares","tag-ultimas-noticias","tag-ultimasnoticias"],"share_on_mastodon":{"url":"https:\/\/pubeurope.com\/@es\/116962268766793078","error":""},"_links":{"self":[{"href":"https:\/\/www.europesays.com\/es\/wp-json\/wp\/v2\/posts\/670911","targetHints":{"allow":["GET"]}}],"collection":[{"href":"https:\/\/www.europesays.com\/es\/wp-json\/wp\/v2\/posts"}],"about":[{"href":"https:\/\/www.europesays.com\/es\/wp-json\/wp\/v2\/types\/post"}],"author":[{"embeddable":true,"href":"https:\/\/www.europesays.com\/es\/wp-json\/wp\/v2\/users\/2"}],"replies":[{"embeddable":true,"href":"https:\/\/www.europesays.com\/es\/wp-json\/wp\/v2\/comments?post=670911"}],"version-history":[{"count":0,"href":"https:\/\/www.europesays.com\/es\/wp-json\/wp\/v2\/posts\/670911\/revisions"}],"wp:featuredmedia":[{"embeddable":true,"href":"https:\/\/www.europesays.com\/es\/wp-json\/wp\/v2\/media\/670912"}],"wp:attachment":[{"href":"https:\/\/www.europesays.com\/es\/wp-json\/wp\/v2\/media?parent=670911"}],"wp:term":[{"taxonomy":"category","embeddable":true,"href":"https:\/\/www.europesays.com\/es\/wp-json\/wp\/v2\/categories?post=670911"},{"taxonomy":"post_tag","embeddable":true,"href":"https:\/\/www.europesays.com\/es\/wp-json\/wp\/v2\/tags?post=670911"}],"curies":[{"name":"wp","href":"https:\/\/api.w.org\/{rel}","templated":true}]}}