{"id":671491,"date":"2026-07-22T14:50:15","date_gmt":"2026-07-22T14:50:15","guid":{"rendered":"https:\/\/www.europesays.com\/es\/671491\/"},"modified":"2026-07-22T14:50:15","modified_gmt":"2026-07-22T14:50:15","slug":"estrenos-online-critica-de-si-cambio-de-juan-morgenfeld-gaumont","status":"publish","type":"post","link":"https:\/\/www.europesays.com\/es\/671491\/","title":{"rendered":"Estrenos online: cr\u00edtica de &#8216;S\u00ed, cambio&#8217;, de Juan Morgenfeld (Gaumont)"},"content":{"rendered":"<p>\t\t\t                        <img decoding=\"async\" itemprop=\"image\" src=\"https:\/\/www.europesays.com\/es\/wp-content\/uploads\/2026\/07\/SI-CAMBIO_MASTER.00_48_39_13.Still029.jpg\" alt=\"Estrenos online: cr\u00edtica de \u2018S\u00ed, cambio\u2019, de Juan Morgenfeld (Gaumont)\" width=\"640\" height=\"\"\/>    <\/p>\n<p>Una detective privada pasa los d\u00edas en su auto siguiendo a un sospechoso al que casi nunca ve. Mientras intenta avanzar con el caso, revisa sus v\u00ednculos m\u00e1s cercanos hasta que la aparici\u00f3n inesperada de una vecina desarma la investigaci\u00f3n y su vida personal.<\/p>\n<p>                <a href=\"https:\/\/www.youtube.com\/@FilmayAclaracion\" aria-label=\"FyAC_BANNER MICROPSIA_OP A\" rel=\"nofollow noopener\" target=\"_blank\"><img loading=\"lazy\" decoding=\"async\" src=\"https:\/\/www.europesays.com\/es\/wp-content\/uploads\/2026\/07\/1784731815_497_FyAC_BANNER-MICROPSIA_OP-A.png\" alt=\"\"   class=\"no-lazyload\" width=\"800\" height=\"160\"\/><\/a><\/p>\n<p class=\"has-drop-cap\">Autor de una extensa filmograf\u00eda, Mat\u00edas Szulanski parece haber empezado a armar alrededor suyo una suerte de movimiento que, a su modo, podr\u00eda equipararse al del mumblecore del cine estadounidense, con otros actores, guionistas y directores de su mismo universo haciendo tambi\u00e9n pel\u00edculas relativamente similares sobre las andanzas rom\u00e1nticas de j\u00f3venes en ciudades argentinas. <strong>S\u00ed, cambio<\/strong> es la opera prima de Juan Morgenfeld, coguionista y coproductor de algunas pel\u00edculas de Szulanski, lo mismo que su protagonista, Tamara Leschner, que supo actuar en otros films del realizador de <strong>Cuento de verano<\/strong> y <strong>Buenas noches<\/strong>, y que tambi\u00e9n dirigi\u00f3 una pel\u00edcula.<\/p>\n<p>Estrenada mundialmente en el BAFICI 2026, <strong>S\u00ed, cambio<\/strong> tiene similitudes y diferencias con la obra de Szulanski. Es visualmente m\u00e1s prolija y, si se quiere, cuidada, y tiene un elenco m\u00e1s amplio y con varias caras reconocibles. Aqu\u00ed, Leschner (quien dirigi\u00f3 a su vez <strong>Te amo, Anto\u00f1o<\/strong>, presentada en el mismo BAFICI) encarna a Carla, una ap\u00e1tica detective privada que debe investigar la vida de un hombre misterioso que, en apariencia, se esconde en un departamento. La trama es una excusa para que la chica, mientras espera, pierda su tiempo y vaya teniendo encuentros y desencuentros con amigas, con su madre y con desconocidos, para que oiga historias alrededor suyo y trate de reconectarse con su vida.<\/p>\n<p><img data-recalc-dims=\"1\" fetchpriority=\"high\" decoding=\"async\" width=\"1020\" height=\"574\" src=\"https:\/\/www.europesays.com\/es\/wp-content\/uploads\/2026\/07\/SI-CAMBIO_MASTER.00_10_03_02.Still004-1.jpg\" alt=\"\" class=\"wp-image-76907\"  \/><\/p>\n<p>A Carla se la ve siempre entre aburrida y fastidiosa, molesta con los giros que lleva su vida y obligada a responder a un jefe que, del otro lado del tel\u00e9fono (Horacio Marassi), le da indicaciones y le pide informes y novedades. La mayor\u00eda de los encuentros que tendr\u00e1 ser\u00e1n con chicas que viven en un universo si se quiere \u00abpalermitano\u00bb, con su madre viuda que busca ayuda esot\u00e9rica online para conseguir pareja y, en especial, con una vecina llamada Alicia (Mar\u00eda Villar, actriz de varios films de Mat\u00edas Pi\u00f1eiro), con la que tiene una relaci\u00f3n que se adivina tensa, pero que se va aflojando con el paso del tiempo.<\/p>\n<p>Morgenfeld aprovecha la excusa para ir armando escenas de di\u00e1logos que parecen tener un esp\u00edritu improvisatorio \u2014el film se rod\u00f3 en seis d\u00edas\u2014 y que van girando el tono hacia la comedia urbana de costumbres. Con el correr del tiempo aparece en Carla (a la que su jefe llama reiteradamente \u00abSantonja\u00bb) una angustia si se quiere m\u00e1s existencial que puede estar ligada a su soledad y a su dificultad para conocer y relacionarse con la gente.<\/p>\n<p>Amena y agradable, la pel\u00edcula combina situaciones curiosas con otras burlonas \u2014las bromas con costumbres que el film califica como snobs, especialmente desde lo alimenticio, se vuelven un tanto cansinas\u2014 y que pintan un universo que a la protagonista parece de a ratos abrumar. Pese a no ir a fondo en su situaci\u00f3n personal, <strong>S\u00ed, cambio<\/strong> logra de todos modos ir retratando las dificultades de una chica a la que le cuesta conectar con el mundo que la rodea. A\u00fan cuando no hable mucho \u2014tiende m\u00e1s a escuchar\/tolerar a los dem\u00e1s habl\u00e1ndole mientras ella pone una rejtmaniana cara de nada ante lo que le dicen\u2014, la protagonista va construy\u00e9ndose como uno de esos personajes que circulan por la ciudad, observan las vidas de los otros y raramente participan. Hasta que, finalmente, dan el paso clave y lo hacen.<\/p>\n<p class=\"has-background\" style=\"background-color:#bcf2dd\"><strong>Del jueves 23 al mi\u00e9rcoles 29 de julio, a las 21.30hs en el Cine Gaumont, Av. Rivadavia 1635, CABA. Entradas,\u00a0<a href=\"https:\/\/www.cinegaumont.ar\/\" target=\"_blank\" rel=\"noreferrer noopener nofollow\">ac\u00e1<\/a>.<\/strong><\/p>\n","protected":false},"excerpt":{"rendered":"Una detective privada pasa los d\u00edas en su auto siguiendo a un sospechoso al que casi nunca ve.&hellip;\n","protected":false},"author":2,"featured_media":671492,"comment_status":"","ping_status":"","sticky":false,"template":"","format":"standard","meta":{"footnotes":""},"categories":[169],"tags":[177,146,147,25,24,176,122134,122135,122136,175,122137,23,122138],"class_list":["post-671491","post","type-post","status-publish","format-standard","has-post-thumbnail","category-cine","tag-cine","tag-entertainment","tag-entretenimiento","tag-es","tag-espana","tag-film","tag-gaumont","tag-juan-morgenfeld","tag-maria-villar","tag-movies","tag-si-cambio","tag-spain","tag-tamara-leschner"],"share_on_mastodon":{"url":"https:\/\/pubeurope.com\/@es\/116964192573311501","error":""},"_links":{"self":[{"href":"https:\/\/www.europesays.com\/es\/wp-json\/wp\/v2\/posts\/671491","targetHints":{"allow":["GET"]}}],"collection":[{"href":"https:\/\/www.europesays.com\/es\/wp-json\/wp\/v2\/posts"}],"about":[{"href":"https:\/\/www.europesays.com\/es\/wp-json\/wp\/v2\/types\/post"}],"author":[{"embeddable":true,"href":"https:\/\/www.europesays.com\/es\/wp-json\/wp\/v2\/users\/2"}],"replies":[{"embeddable":true,"href":"https:\/\/www.europesays.com\/es\/wp-json\/wp\/v2\/comments?post=671491"}],"version-history":[{"count":0,"href":"https:\/\/www.europesays.com\/es\/wp-json\/wp\/v2\/posts\/671491\/revisions"}],"wp:featuredmedia":[{"embeddable":true,"href":"https:\/\/www.europesays.com\/es\/wp-json\/wp\/v2\/media\/671492"}],"wp:attachment":[{"href":"https:\/\/www.europesays.com\/es\/wp-json\/wp\/v2\/media?parent=671491"}],"wp:term":[{"taxonomy":"category","embeddable":true,"href":"https:\/\/www.europesays.com\/es\/wp-json\/wp\/v2\/categories?post=671491"},{"taxonomy":"post_tag","embeddable":true,"href":"https:\/\/www.europesays.com\/es\/wp-json\/wp\/v2\/tags?post=671491"}],"curies":[{"name":"wp","href":"https:\/\/api.w.org\/{rel}","templated":true}]}}