{"id":671549,"date":"2026-07-22T15:34:27","date_gmt":"2026-07-22T15:34:27","guid":{"rendered":"https:\/\/www.europesays.com\/es\/671549\/"},"modified":"2026-07-22T15:34:27","modified_gmt":"2026-07-22T15:34:27","slug":"nueva-serie-desbloqueada-en-netflix-8-episodios-de-puro-suspenso","status":"publish","type":"post","link":"https:\/\/www.europesays.com\/es\/671549\/","title":{"rendered":"Nueva serie desbloqueada en Netflix: 8 episodios de puro suspenso"},"content":{"rendered":"<p id=\"p-rc_cb12d4225ef8eac8-97\" data-path-to-node=\"5\"> Tienes que ver este drama coreano en <strong><a href=\"https:\/\/www.mdzol.com\/tendencias\/lego-lanza-su-version-el-beso-y-enloquece-los-amantes-del-arte-n1569156\" target=\"_blank\" rel=\"follow nofollow noopener\"> Netflix <\/a><\/strong> porque combina <strong>terror <\/strong>y <strong>fantas\u00eda <\/strong>de forma magistral en solo 8 cap\u00edtulos. Esta <strong>serie <\/strong>logra engancharte desde el primer minuto con una intriga sobrenatural inolvidable.<\/p>\n<p id=\"p-rc_cb12d4225ef8eac8-100\" data-path-to-node=\"8\">La trama sigue a un cazador de fantasmas capaz de convertirse en esp\u00edritu para luchar. El protagonista debe formar equipo con una joven dama de la corte.<\/p>\n<p id=\"p-rc_cb12d4225ef8eac8-101\" data-path-to-node=\"9\"> Ella posee el extra\u00f1o don de escuchar a las almas de los muertos. Ambos personajes unen sus fuerzas para descubrir la verdad detr\u00e1s de una tr\u00e1gica maldici\u00f3n.<\/p>\n","protected":false},"excerpt":{"rendered":"Tienes que ver este drama coreano en Netflix porque combina terror y fantas\u00eda de forma magistral en solo&hellip;\n","protected":false},"author":2,"featured_media":671550,"comment_status":"","ping_status":"","sticky":false,"template":"","format":"standard","meta":{"footnotes":""},"categories":[171],"tags":[25361,146,147,20893,25,24,122145,152,156,23,6667,214],"class_list":["post-671549","post","type-post","status-publish","format-standard","has-post-thumbnail","category-tv","tag-coreana","tag-entertainment","tag-entretenimiento","tag-episodios","tag-es","tag-espana","tag-fantasu00eda","tag-netflix","tag-serie","tag-spain","tag-terror","tag-tv"],"share_on_mastodon":{"url":"https:\/\/pubeurope.com\/@es\/116964364776322127","error":""},"_links":{"self":[{"href":"https:\/\/www.europesays.com\/es\/wp-json\/wp\/v2\/posts\/671549","targetHints":{"allow":["GET"]}}],"collection":[{"href":"https:\/\/www.europesays.com\/es\/wp-json\/wp\/v2\/posts"}],"about":[{"href":"https:\/\/www.europesays.com\/es\/wp-json\/wp\/v2\/types\/post"}],"author":[{"embeddable":true,"href":"https:\/\/www.europesays.com\/es\/wp-json\/wp\/v2\/users\/2"}],"replies":[{"embeddable":true,"href":"https:\/\/www.europesays.com\/es\/wp-json\/wp\/v2\/comments?post=671549"}],"version-history":[{"count":0,"href":"https:\/\/www.europesays.com\/es\/wp-json\/wp\/v2\/posts\/671549\/revisions"}],"wp:featuredmedia":[{"embeddable":true,"href":"https:\/\/www.europesays.com\/es\/wp-json\/wp\/v2\/media\/671550"}],"wp:attachment":[{"href":"https:\/\/www.europesays.com\/es\/wp-json\/wp\/v2\/media?parent=671549"}],"wp:term":[{"taxonomy":"category","embeddable":true,"href":"https:\/\/www.europesays.com\/es\/wp-json\/wp\/v2\/categories?post=671549"},{"taxonomy":"post_tag","embeddable":true,"href":"https:\/\/www.europesays.com\/es\/wp-json\/wp\/v2\/tags?post=671549"}],"curies":[{"name":"wp","href":"https:\/\/api.w.org\/{rel}","templated":true}]}}