{"id":671854,"date":"2026-07-22T19:05:26","date_gmt":"2026-07-22T19:05:26","guid":{"rendered":"https:\/\/www.europesays.com\/es\/671854\/"},"modified":"2026-07-22T19:05:26","modified_gmt":"2026-07-22T19:05:26","slug":"presentacion-del-documental-los-almadrabos-la-verdad","status":"publish","type":"post","link":"https:\/\/www.europesays.com\/es\/671854\/","title":{"rendered":"Presentaci\u00f3n del documental \u2018Los almadrabos\u2019 &#8211; La Verdad"},"content":{"rendered":"<ol>\n<li><a href=\"https:\/\/news.google.com\/rss\/articles\/CBMimAFBVV95cUxQZ0xocGlqWWl6ckZodmlPcVcyZnhPUVZTS3pFUHpVZWo1QkJVZ3NqSUxFM2lNZ2h6OHRlUlZJVXpWRlVWM2E2Q3ZZY0R0eUNmSDNGbnVHX1ZUTkNQMjVGNTE1cU9PeHBUM2lWYlNNWml0STA5WWRFU3hwRkJBMVhlYk8xWFpmQ29rZmJ6MEFOaVVqUktmS0o1MdIBngFBVV95cUxPX1c0cDlra19MX0s1R2V2ZlBMczY2eFFoMFdER2ZHYnlSVjNtd3dHU0pjdWRFamxCcGlVV0t3X3ZHQ28yVUYybGIxRVg2YWFmQVJoWTU1YXVPTUhlMDk5Z0cwcGM5bXVpOExVdHNHbU1HSmhzVWdxaE4yQU5tQk9kVEhqNkVjVDhmMV9ZbXlKNVBibzNjMXZiNEV0ejFsdw?oc=5\" target=\"_blank\" rel=\"nofollow noopener\">Presentaci\u00f3n del documental \u2018Los almadrabos\u2019<\/a>&nbsp;&nbsp;La Verdad<\/li>\n<li><a href=\"https:\/\/news.google.com\/rss\/articles\/CBMi0gFBVV95cUxNVHBwZWxZQkp1amN2TXh5b1ZpV2hYUDZVdTJBNWU3Z0FrV1JyUWNaNTdKSnZwUnRHbE5qTFVXT3VlcEdmaXVRN1dZZGNsOGpzc3JnbVNlUm0zbm1tVXVlRG1Ca25yLXV3SE91SGVOaTBHaW1UZWtfdkpaZU5pT2Fsb0FDOUZoTk1rbE5DZ0I0Y2hTa29GZ1BNUzV0clhGLTczR0MxcUx1dVRDRjFaWHdFOTJnNlBHRnphdmJHSEphNjV0QUlmSVB2Z0hCN0g0QndfVEE?oc=5\" target=\"_blank\" rel=\"nofollow noopener\">La albacoreta de La Azoh\u00eda: el gran tesoro de la \u00faltima almadraba del Mediterr\u00e1neo espa\u00f1ol<\/a>&nbsp;&nbsp;EL PA\u00cdS<\/li>\n<li><a href=\"https:\/\/news.google.com\/rss\/articles\/CBMigAFBVV95cUxQUjA0U1NVU0pLeVJnX09RdmNOM205bHJTS0QwMV9rcGJ1ZVEwcmZuVDNLdlE2MFNjVzJMMEJSN05ZUXM2ZkpxV092bDF5YVpPNmNBd0lESjhyY2xGMzlTcTdzMURmS201cko3M2xPSTRvMjVpSTEtbjJPVDFiaUlXYw?oc=5\" target=\"_blank\" rel=\"nofollow noopener\">Cartagena pone en valor la pesca tradicional de La Azoh\u00eda con la I Feria Almadraba-Espacio Alma<\/a>&nbsp;&nbsp;Ayuntamiento de Cartagena<\/li>\n<li><a href=\"https:\/\/news.google.com\/rss\/articles\/CBMi4wFBVV95cUxPSDcwaDVrVUwtVXJvR0FTWmp0V0p4RWU2dnFlZEFOcmtnQjNTdVZXbko0bVlUQUJRaV9teTQwVHY5MXk2eFZldjg3MEFUbEgwTlRmLTRyT1l0WnlRMjItbkVWTzMxWVFUX3BQdlJWVEcwdk1FTjgxYjZ5QU5sNVVFbExiY0xzWGdmanpwOHpob0R5UzY4VG1lNDJTTmpJaVVDLWRvNk9yMXNBSi1BYkJSZDllTDEyNFlOczk3T3F2dG9WUG5oQXBIOFVqNWlMSC1HZ21MczlyVmJ2QW9DUE1Xa1Fxb9IB9wFBVV95cUxQX0JqVUVZTWVCNEp4bk9RMVhfUXlGQVIzdW5FWnp4OTQwQkFpNkMzMnRDV1R5dERLek8zSDJPeU54RDZEb1JmaklJT3hjM2JMejRKcDdlam9Sa1JndVVkQkQ3UW9jdDNGSll5NHVwc0JSVjRRNUJfbzRIQW9maThnaU9ETzhSeGNKQ1VGY3FiMnZPbEc3R2RUTExDUjU5emRhcnBjaUZuQkJSYmllUjZPc3huVFd4TmllejRObVltMDA3Y0lFeTBPMHhuTXlKcDVuYWY0VEpFcUg3UUpsZWQyRHJUWXVnTTEteU5WVlV2TFZWMG1YYkhv?oc=5\" target=\"_blank\" rel=\"nofollow noopener\">El secreto mejor guardado de la costa cartagenera est\u00e1 en La Azoh\u00eda y tiene m\u00e1s de 3.000 a\u00f1os<\/a>&nbsp;&nbsp;Cadena SER<\/li>\n<li><a href=\"https:\/\/news.google.com\/rss\/articles\/CBMiugFBVV95cUxPamp2Q09jYXdTTE9UZVYxTlVoUFR0d2FvS0FyN256eVBNMW9GVy1vbmlRaVRia1daeW85SnI1UThERnhlRmluZjdjTHZrbUJHZDZRQkJPcEV3NUVlcWhFSDIwUGNQTnA1RVJVcExtUUVFbnIwS2t4N0REZDlPcjVOYTRNOE56aGdodGdXQ2l3UGhud05DdW1jTktEWEVNRkptcE9KdlN4Vk9KY0tTbXMyd3F5N2JBbXJuZWc?oc=5\" target=\"_blank\" rel=\"nofollow noopener\">La Azoh\u00eda celebra la I Feria Almadraba-Espacio Alma para poner en valor la pesca tradicional<\/a>&nbsp;&nbsp;La Verdad<\/li>\n<\/ol>\n","protected":false},"excerpt":{"rendered":"Presentaci\u00f3n del documental \u2018Los almadrabos\u2019&nbsp;&nbsp;La Verdad La albacoreta de La Azoh\u00eda: el gran tesoro de la \u00faltima almadraba&hellip;\n","protected":false},"author":2,"featured_media":671855,"comment_status":"","ping_status":"","sticky":false,"template":"","format":"standard","meta":{"footnotes":""},"categories":[169],"tags":[122175,177,6084,146,147,25,24,176,175,2436,23],"class_list":["post-671854","post","type-post","status-publish","format-standard","has-post-thumbnail","category-cine","tag-almadrabos","tag-cine","tag-documental","tag-entertainment","tag-entretenimiento","tag-es","tag-espana","tag-film","tag-movies","tag-presentacion","tag-spain"],"share_on_mastodon":{"url":"https:\/\/pubeurope.com\/@es\/116965194449382557","error":""},"_links":{"self":[{"href":"https:\/\/www.europesays.com\/es\/wp-json\/wp\/v2\/posts\/671854","targetHints":{"allow":["GET"]}}],"collection":[{"href":"https:\/\/www.europesays.com\/es\/wp-json\/wp\/v2\/posts"}],"about":[{"href":"https:\/\/www.europesays.com\/es\/wp-json\/wp\/v2\/types\/post"}],"author":[{"embeddable":true,"href":"https:\/\/www.europesays.com\/es\/wp-json\/wp\/v2\/users\/2"}],"replies":[{"embeddable":true,"href":"https:\/\/www.europesays.com\/es\/wp-json\/wp\/v2\/comments?post=671854"}],"version-history":[{"count":0,"href":"https:\/\/www.europesays.com\/es\/wp-json\/wp\/v2\/posts\/671854\/revisions"}],"wp:featuredmedia":[{"embeddable":true,"href":"https:\/\/www.europesays.com\/es\/wp-json\/wp\/v2\/media\/671855"}],"wp:attachment":[{"href":"https:\/\/www.europesays.com\/es\/wp-json\/wp\/v2\/media?parent=671854"}],"wp:term":[{"taxonomy":"category","embeddable":true,"href":"https:\/\/www.europesays.com\/es\/wp-json\/wp\/v2\/categories?post=671854"},{"taxonomy":"post_tag","embeddable":true,"href":"https:\/\/www.europesays.com\/es\/wp-json\/wp\/v2\/tags?post=671854"}],"curies":[{"name":"wp","href":"https:\/\/api.w.org\/{rel}","templated":true}]}}