{"id":671868,"date":"2026-07-22T19:12:27","date_gmt":"2026-07-22T19:12:27","guid":{"rendered":"https:\/\/www.europesays.com\/es\/671868\/"},"modified":"2026-07-22T19:12:27","modified_gmt":"2026-07-22T19:12:27","slug":"ultima-hora-sobre-los-incendios-en-espana-la-ume-se-moviliza-por-el-incendio-de-toledo-que-ya-ha-saltado-al-sur-de-madrid","status":"publish","type":"post","link":"https:\/\/www.europesays.com\/es\/671868\/","title":{"rendered":"\u00daltima hora sobre los incendios en Espa\u00f1a: la UME se moviliza por el incendio de Toledo que ya ha saltado al sur de Madrid"},"content":{"rendered":"<p class=\"article-text\">\n        \u00a0El incendio declarado hace ya siete d\u00edas en La Mierla (Guadalajara) sigue activo en la noche del mi\u00e9rcoles y se mantiene la estimaci\u00f3n de 32.000 hect\u00e1reas calcinadas, seg\u00fan Juanjo Fern\u00e1ndez, director t\u00e9cnico de la emergencia. \u201cEs una aproximaci\u00f3n, apenas se ha crecido durante el d\u00eda de hoy\u201d, dec\u00eda.\n    <\/p>\n<p class=\"article-text\">\n        \u00a0Durante la jornada los trabajos se han centrado en sector pr\u00f3ximo a los pueblos de Condemios de Arriba y Condemios de Abajo, con medios a\u00e9reos y maquinaria pesada.\n    <\/p>\n<p class=\"article-text\">\n        \u00a0Es, ha dicho, \u201cel punto m\u00e1s activo\u201d en el que hay algunos frentes de llama \u201ccontinuos\u201d. En el resto del per\u00edmetro del incendio que supera los 100 kil\u00f3metros, ya solo est\u00e1n encontrando \u201cpuntos calientes\u201d.\n    <\/p>\n<p class=\"article-text\">\n        \u00a0El jueves el objetivo ser\u00e1 seguir recortando \u201cpotencial\u201d al incendio que sigue en fase de estabilizaci\u00f3n. Por la ma\u00f1ana se autoriz\u00f3 volver a casa a los vecinos de cinco poblaciones evacuadas, y de momento no se ha anunciado el levantamiento de medidas de confinamiento o evacuaci\u00f3n en otros pueblos afectados.\n    <\/p>\n<p class=\"article-text\">\n        \u00a0En el extremo este de la provincia, los vecinos y vecinas de Anchuela del Campo, Aragoncillo, Establ\u00e9s, Concha, Torrubia, Tartanedo y Pardos, evacuados por el incendio forestal declarado en la tarde del martes en Selas, ya han podido volver a casa.\n    <\/p>\n<p class=\"article-text\">\n        \u00a0Este incendio ha quemado m\u00e1s de 2.600 hect\u00e1reas y \u201cevoluciona muy favorablemente\u201d. Tambi\u00e9n se encuentra en fase de estabilizaci\u00f3n. La Unidad Militar de Emergencias (UME) ya ha sido desactivada.\n    <\/p>\n","protected":false},"excerpt":{"rendered":"\u00a0El incendio declarado hace ya siete d\u00edas en La Mierla (Guadalajara) sigue activo en la noche del mi\u00e9rcoles&hellip;\n","protected":false},"author":2,"featured_media":671869,"comment_status":"","ping_status":"","sticky":false,"template":"","format":"standard","meta":{"footnotes":""},"categories":[8],"tags":[39519,17,18,25,24,13,14,439,11,1458,4342,19,20,8343,9,10,15,16,7768,23,31356,12,1885,21,22],"class_list":["post-671868","post","type-post","status-publish","format-standard","has-post-thumbnail","category-espana","tag-ardiendo","tag-breaking-news","tag-breakingnews","tag-es","tag-espana","tag-featured-news","tag-featurednews","tag-guadalajara","tag-headlines","tag-hora","tag-incendios","tag-latest-news","tag-latestnews","tag-naturales","tag-news","tag-noticias","tag-noticias-destacadas","tag-noticiasdestacadas","tag-siguen","tag-spain","tag-tesoros","tag-titulares","tag-ultima","tag-ultimas-noticias","tag-ultimasnoticias"],"share_on_mastodon":{"url":"https:\/\/pubeurope.com\/@es\/116965221910430330","error":""},"_links":{"self":[{"href":"https:\/\/www.europesays.com\/es\/wp-json\/wp\/v2\/posts\/671868","targetHints":{"allow":["GET"]}}],"collection":[{"href":"https:\/\/www.europesays.com\/es\/wp-json\/wp\/v2\/posts"}],"about":[{"href":"https:\/\/www.europesays.com\/es\/wp-json\/wp\/v2\/types\/post"}],"author":[{"embeddable":true,"href":"https:\/\/www.europesays.com\/es\/wp-json\/wp\/v2\/users\/2"}],"replies":[{"embeddable":true,"href":"https:\/\/www.europesays.com\/es\/wp-json\/wp\/v2\/comments?post=671868"}],"version-history":[{"count":0,"href":"https:\/\/www.europesays.com\/es\/wp-json\/wp\/v2\/posts\/671868\/revisions"}],"wp:featuredmedia":[{"embeddable":true,"href":"https:\/\/www.europesays.com\/es\/wp-json\/wp\/v2\/media\/671869"}],"wp:attachment":[{"href":"https:\/\/www.europesays.com\/es\/wp-json\/wp\/v2\/media?parent=671868"}],"wp:term":[{"taxonomy":"category","embeddable":true,"href":"https:\/\/www.europesays.com\/es\/wp-json\/wp\/v2\/categories?post=671868"},{"taxonomy":"post_tag","embeddable":true,"href":"https:\/\/www.europesays.com\/es\/wp-json\/wp\/v2\/tags?post=671868"}],"curies":[{"name":"wp","href":"https:\/\/api.w.org\/{rel}","templated":true}]}}