{"id":672190,"date":"2026-07-22T23:41:18","date_gmt":"2026-07-22T23:41:18","guid":{"rendered":"https:\/\/www.europesays.com\/es\/672190\/"},"modified":"2026-07-22T23:41:18","modified_gmt":"2026-07-22T23:41:18","slug":"irene-montero-presume-de-que-pablo-iglesias-figure-en-un-informe-oficial-de-estados-unidos-sobre-cuba-es-un-orgullo","status":"publish","type":"post","link":"https:\/\/www.europesays.com\/es\/672190\/","title":{"rendered":"Irene Montero presume de que Pablo Iglesias figure en un informe oficial de Estados Unidos sobre Cuba: \u00abEs un orgullo\u00bb"},"content":{"rendered":"<p>Irene Montero ha respondido con orgullo a la inclusi\u00f3n de Pablo Iglesias en un <b>informe oficial elaborado por Estados Unidos sobre Cuba<\/b>. Tras la cumbre celebrada en Washington contra la amenaza del llamado \u00abterrorismo trasnacional de izquierda extrema\u00bb, el secretario de Estado estadounidense, <a title=\"Marco Rubio\" href=\"https:\/\/www.larazon.es\/internacional\/marco-rubio-acusa-cuba-patrocinar-terrorismo-albergar-inteligencia-china-rusa_202606026a1eff347d8b1d3812668ba5.html\" target=\"_blank\" rel=\"nofollow noopener\">Marco Rubio<\/a>, public\u00f3 un documento titulado &#8216;Cuba: la capital del comunismo del siglo XXI&#8217; en el que se afirma que \u00abdurante casi siete d\u00e9cadas, el r\u00e9gimen cubano ha llevado a cabo una campa\u00f1a sostenida de subversi\u00f3n contra Estados Unidos\u00bb.<\/p>\n<p>Seg\u00fan asegura Canal Red, se trata de un informe que \u00absuena casi como un \u00faltimo y desesperado grito para mantener el decadente \u00ablegado occidental\u00bb ante las batallas que parecen perdidas contra <a title=\"China\" href=\"https:\/\/www.larazon.es\/internacional\/china-exige-que-respete-sus-intereses-fundamentales-reunion-bilateral_202607226a60f2114687a22bdec7f055.html\" target=\"_blank\" rel=\"nofollow noopener\">China<\/a> e Ir\u00e1n\u00bb. Y que, adem\u00e1s, identifica una serie de personajes que relaciona con esta operaci\u00f3n \u00abdesestabilizadora del imperio\u00bb, entre los que incluye al exvicepresidente del Gobierno.<\/p>\n<p>Pero para Irene Montero, su presencia en el escrito es todo un orgullo. O, al menos, as\u00ed lo ha afirmado en una publicaci\u00f3n en la red social X (antiguo Twitter), donde ha cargado contra el mandatario de Estados Unidos. <b>\u00abTrump inicia una persecuci\u00f3n global contra la izquierda y se\u00f1ala a Cuba. Como en los 50, EE UU a la caza de los rojos, de las feministas, de la gente que puede transformar el mundo. Que Pablo Iglesias est\u00e9 en esa lista es un orgullo para cualquier dem\u00f3crata. Somos m\u00e1s\u00bb<\/b>, ha escrito.<\/p>\n<p>La reflexi\u00f3n de Canal Red<\/p>\n<p>Y para Canal Red, el proyecto liderado por Pablo Iglesias, su inclusi\u00f3n en el informe tiene un trasfondo concreto. A trav\u00e9s de un editorial titulado &#8216;El honor de ser el enemigo&#8217;, han ensalzado la figura del exvicepresidente y han asegurado que la relevancia de un proyecto pol\u00edtico o medi\u00e1tico tambi\u00e9n se mide por los ataques que recibe. El texto interpreta la presencia de Iglesias en el documento como <b>una muestra de que el canal que lidera resulta inc\u00f3modo para determinados sectores pol\u00edticos.<\/b><\/p>\n<p>De hecho, saca a relucir unas declaraciones del propio exvicepresidente en el programa La Base, donde asegur\u00f3 que en Canal Red no tienen armas, pero s\u00ed saben \u00abescribir, hablar, pensar, grabar y editar\u00bb, y a\u00f1adi\u00f3 que hacen \u00abperiodismo con ideolog\u00eda y con compromiso\u00bb, motivo por el que, seg\u00fan asegur\u00f3, \u00abel enemigo no se olvida de nosotros\u00bb.<\/p>\n<p>El editorial termina reivindicando esa idea con una frase que resume el titular: \u00abNos honra ser el enemigo\u00bb. Un mensaje que hasta Pablo Echenique hizo suyo al compartirlo acompa\u00f1ado de una reflexi\u00f3n en X. <b>\u00abEn pol\u00edtica, no te define lo que t\u00fa digas de ti mismo. En pol\u00edtica, lo que te define son tus enemigos\u00bb<\/b>, escribi\u00f3 el exdirigente.<\/p>\n","protected":false},"excerpt":{"rendered":"Irene Montero ha respondido con orgullo a la inclusi\u00f3n de Pablo Iglesias en un informe oficial elaborado por&hellip;\n","protected":false},"author":2,"featured_media":672191,"comment_status":"","ping_status":"","sticky":false,"template":"","format":"standard","meta":{"footnotes":""},"categories":[42],"tags":[17,18,1164,629,13,14,11,61,62,63,64,29823,19,20,32076,9,10,15,16,22397,12,21,22,65,66,67],"class_list":["post-672190","post","type-post","status-publish","format-standard","has-post-thumbnail","category-internacional","tag-breaking-news","tag-breakingnews","tag-cuba","tag-estados-unidos","tag-featured-news","tag-featurednews","tag-headlines","tag-internacional","tag-international","tag-international-news","tag-internationalnews","tag-irene-montero","tag-latest-news","tag-latestnews","tag-marco-rubio","tag-news","tag-noticias","tag-noticias-destacadas","tag-noticiasdestacadas","tag-pablo-iglesias","tag-titulares","tag-ultimas-noticias","tag-ultimasnoticias","tag-world","tag-world-news","tag-worldnews"],"share_on_mastodon":{"url":"https:\/\/pubeurope.com\/@es\/116966279538246566","error":""},"_links":{"self":[{"href":"https:\/\/www.europesays.com\/es\/wp-json\/wp\/v2\/posts\/672190","targetHints":{"allow":["GET"]}}],"collection":[{"href":"https:\/\/www.europesays.com\/es\/wp-json\/wp\/v2\/posts"}],"about":[{"href":"https:\/\/www.europesays.com\/es\/wp-json\/wp\/v2\/types\/post"}],"author":[{"embeddable":true,"href":"https:\/\/www.europesays.com\/es\/wp-json\/wp\/v2\/users\/2"}],"replies":[{"embeddable":true,"href":"https:\/\/www.europesays.com\/es\/wp-json\/wp\/v2\/comments?post=672190"}],"version-history":[{"count":0,"href":"https:\/\/www.europesays.com\/es\/wp-json\/wp\/v2\/posts\/672190\/revisions"}],"wp:featuredmedia":[{"embeddable":true,"href":"https:\/\/www.europesays.com\/es\/wp-json\/wp\/v2\/media\/672191"}],"wp:attachment":[{"href":"https:\/\/www.europesays.com\/es\/wp-json\/wp\/v2\/media?parent=672190"}],"wp:term":[{"taxonomy":"category","embeddable":true,"href":"https:\/\/www.europesays.com\/es\/wp-json\/wp\/v2\/categories?post=672190"},{"taxonomy":"post_tag","embeddable":true,"href":"https:\/\/www.europesays.com\/es\/wp-json\/wp\/v2\/tags?post=672190"}],"curies":[{"name":"wp","href":"https:\/\/api.w.org\/{rel}","templated":true}]}}