{"id":672232,"date":"2026-07-23T00:22:25","date_gmt":"2026-07-23T00:22:25","guid":{"rendered":"https:\/\/www.europesays.com\/es\/672232\/"},"modified":"2026-07-23T00:22:25","modified_gmt":"2026-07-23T00:22:25","slug":"rotacion-del-deportivo-aragon-con-ibai-gomez-y-doble-sesion-en-dos-grupos","status":"publish","type":"post","link":"https:\/\/www.europesays.com\/es\/672232\/","title":{"rendered":"Rotaci\u00f3n del Deportivo Arag\u00f3n con Ibai G\u00f3mez y doble sesi\u00f3n en dos grupos"},"content":{"rendered":"<p class=\"ft-text\"><strong>El <\/strong><a class=\"ft-link ft-link--decoration\" href=\"https:\/\/www.elperiodicodearagon.com\/real-zaragoza\/\" target=\"_blank\" rel=\"nofollow noopener\"><strong>Real Zaragoza<\/strong><\/a><strong> ha dispuesto este mi\u00e9rcoles una doble sesi\u00f3n de entrenamiento en dos grupos en la que por la ma\u00f1ana Ibai G\u00f3mez ha dirigido a 14 futbolistas, <\/strong>mismo n\u00famero que por la tard<strong>e, con cambio en las incorporaciones del Arag\u00f3n <\/strong>con respecto a las dos primeras jornadas de pretemporada<strong>. <\/strong>Diego Monz\u00f3n y Marcos Manolache, este como tercer portero, son fijos para Ibai, pero esta vez los integrantes del B que les han acompa\u00f1ado han sido el meta <strong>Berrar, Sergio <\/strong><strong>Rat\u00f3n<\/strong><strong>, Iker Vadillo, David Garc\u00eda y Lalo Arantegui<\/strong><\/p>\n<p class=\"ft-text\"><strong>As\u00ed, los integrantes del grupo matutino en la Ciudad Deportiva han sido:<\/strong> los metas Sem Westerveld y Marcos Manolache y los jugadores del campo Jokin Gabilondo, Jaume Jard\u00ed, Tachi, Diego Gonz\u00e1lez, Sergio Escudero, Pau Sans, Rub\u00e9n D\u00edez, Lucas Terrer, Adri\u00e1n Liso, Sergio Rat\u00f3n, Iker Vadillo y David Garc\u00eda.<\/p>\n<p class=\"ft-text\"><strong>Por la tarde estuvieron en la Ciudad Deportiva<\/strong> los arqueros Anartz Pe\u00f1a y Sergio Berrar y los futbolistas Francho, Marcos Cuenca, Hugo Carrillo, Hugo Barrachina, Ra\u00fal, Emil Hansson, Ander Herrera, Saidu, Hugo Pinilla, Edu Espiau, Diego Monz\u00f3n y Lalo Arantegui.<\/p>\n<p class=\"ft-text\">Ibai volver\u00e1 a repetir esta iniciativa en agosto, los d\u00edas que haya dos amistosos consecutivos,<strong> lo que suceder\u00e1 el 14 y el 15 de agosto, ante UD Logro\u00f1\u00e9s y Villarreal B y el 21 y el 22 de agosto frente a Bilbao Athletic y Numancia.<\/strong> Este jueves habr\u00e1 una nueva doble sesi\u00f3n antes del partidillo de entrenamiento que el primer equipo disputar\u00e1 frente al Deportivo Arag\u00f3n el viernes por la ma\u00f1ana para guardar descanso el s\u00e1bado y viajar al stage de Bolta\u00f1a el domingo 26 y hasta el 1 de agosto.<\/p>\n","protected":false},"excerpt":{"rendered":"El Real Zaragoza ha dispuesto este mi\u00e9rcoles una doble sesi\u00f3n de entrenamiento en dos grupos en la que&hellip;\n","protected":false},"author":2,"featured_media":672233,"comment_status":"","ping_status":"","sticky":false,"template":"","format":"standard","meta":{"footnotes":""},"categories":[93],"tags":[4499,168,412,25,24,282,4190,3659,799,15630,23,167],"class_list":["post-672232","post","type-post","status-publish","format-standard","has-post-thumbnail","category-deportes","tag-aragon","tag-deportes","tag-deportivo","tag-es","tag-espana","tag-futbol","tag-gomez","tag-ibai","tag-real-zaragoza","tag-rotacion","tag-spain","tag-sports"],"share_on_mastodon":{"url":"https:\/\/pubeurope.com\/@es\/116966440641481608","error":""},"_links":{"self":[{"href":"https:\/\/www.europesays.com\/es\/wp-json\/wp\/v2\/posts\/672232","targetHints":{"allow":["GET"]}}],"collection":[{"href":"https:\/\/www.europesays.com\/es\/wp-json\/wp\/v2\/posts"}],"about":[{"href":"https:\/\/www.europesays.com\/es\/wp-json\/wp\/v2\/types\/post"}],"author":[{"embeddable":true,"href":"https:\/\/www.europesays.com\/es\/wp-json\/wp\/v2\/users\/2"}],"replies":[{"embeddable":true,"href":"https:\/\/www.europesays.com\/es\/wp-json\/wp\/v2\/comments?post=672232"}],"version-history":[{"count":0,"href":"https:\/\/www.europesays.com\/es\/wp-json\/wp\/v2\/posts\/672232\/revisions"}],"wp:featuredmedia":[{"embeddable":true,"href":"https:\/\/www.europesays.com\/es\/wp-json\/wp\/v2\/media\/672233"}],"wp:attachment":[{"href":"https:\/\/www.europesays.com\/es\/wp-json\/wp\/v2\/media?parent=672232"}],"wp:term":[{"taxonomy":"category","embeddable":true,"href":"https:\/\/www.europesays.com\/es\/wp-json\/wp\/v2\/categories?post=672232"},{"taxonomy":"post_tag","embeddable":true,"href":"https:\/\/www.europesays.com\/es\/wp-json\/wp\/v2\/tags?post=672232"}],"curies":[{"name":"wp","href":"https:\/\/api.w.org\/{rel}","templated":true}]}}