{"id":672401,"date":"2026-07-23T02:51:57","date_gmt":"2026-07-23T02:51:57","guid":{"rendered":"https:\/\/www.europesays.com\/es\/672401\/"},"modified":"2026-07-23T02:51:57","modified_gmt":"2026-07-23T02:51:57","slug":"psoe-y-sumar-pactan-que-el-nuevo-decreto-de-vivienda-incluya-una-prorroga-de-los-alquileres-hasta-julio-de-2028","status":"publish","type":"post","link":"https:\/\/www.europesays.com\/es\/672401\/","title":{"rendered":"PSOE y Sumar pactan que el nuevo decreto de vivienda incluya una pr\u00f3rroga de los alquileres hasta julio de 2028"},"content":{"rendered":"<p>Sumar ha anunciado este mi\u00e9rcoles un acuerdo con el PSOE para incluir en el nuevo <a title=\"decreto de vivienda\" href=\"https:\/\/www.larazon.es\/murcia\/aprobacion-decreto-ley-vivienda-asequible-aplica-rebajas-fiscales-reduce-tramites_202607226a60bffb4687a22bdec79d4e.html\" target=\"_blank\" rel=\"nofollow noopener\">decreto de vivienda<\/a> una <b>pr\u00f3rroga extraordinaria de dos a\u00f1os<\/b> <b>para los contratos de alquiler que acaban antes del 30 de junio de 2028.<\/b><\/p>\n<p>Ambas formaciones esperan aprobar el texto el pr\u00f3ximo martes 28 de julio en el Consejo de Ministros. Para ello, tendr\u00e1n que negociar con los grupos parlamentarios, principalmente con Junts, que ya <a title=\"impidi\u00f3 la convalidaci\u00f3n de la anterior pr\u00f3rroga\" href=\"https:\/\/www.larazon.es\/espana\/congreso-deroga-prorroga-alquileres-mayoria-que-suman-vox-junts_2026042869f0f6a76a56d80bba75a9dd.html\" target=\"_blank\" rel=\"nofollow noopener\">impidi\u00f3 la convalidaci\u00f3n de la anterior pr\u00f3rroga<\/a> en el mes de abril.<\/p>\n<p>El escrito incluye tambi\u00e9n <b>otras medidas<\/b> ya anunciadas, como la regulaci\u00f3n del alquiler de temporada y habitaciones para acabar con su uso fraudulento, un aumento de la tributaci\u00f3n de los pisos tur\u00edsticos hasta el 21 % del IVA y un endurecimiento del r\u00e9gimen sancionador sobre su publicidad en plataformas, con el fin de desincentivar el alquiler tur\u00edstico.<\/p>\n<p>Seg\u00fan Sumar, este nuevo decreto ley incluye un borrador a negociar que aborda medidas para proteger a las familias en situaci\u00f3n de vulnerabilidad, con el objetivo de evitar los desahucios y de que ninguna quede sin alternativa habitacional.<\/p>\n<p>La inclusi\u00f3n en el decreto de la suspensi\u00f3n de los desahucios de familias vulnerables sin alternativa habitacional es una exigencia de Podemos, pero a ello se oponen con matices Junts y el PNV.<\/p>\n<p>M\u00e1s de un mill\u00f3n de beneficiarios<\/p>\n<p>La formaci\u00f3n de Yolanda D\u00edaz asegura que la nueva medida \u00abpermitir\u00e1 dar soluci\u00f3n de manera integral al problema de acceso a la vivienda\u00bb, actualmente la principal preocupaci\u00f3n de la ciudadan\u00eda espa\u00f1ola.<\/p>\n<p>Las mismas fuentes garantizan que el decreto ampl\u00eda en casi un mill\u00f3n de personas las potenciales beneficiarias. En total, con las dos \u00faltimas pr\u00f3rrogas aprobadas por el Ejecutivo (desde el 21 de marzo del 2026 hasta el 30 de junio del 2028) <b>podr\u00e1n beneficiarse casi cuatro millones de personas y un mill\u00f3n y medio de hogares.<\/b><\/p>\n","protected":false},"excerpt":{"rendered":"Sumar ha anunciado este mi\u00e9rcoles un acuerdo con el PSOE para incluir en el nuevo decreto de vivienda&hellip;\n","protected":false},"author":2,"featured_media":672402,"comment_status":"","ping_status":"","sticky":false,"template":"","format":"standard","meta":{"footnotes":""},"categories":[5],"tags":[17,18,25,24,13,14,11,19,20,9,10,15,16,1699,23,4453,12,21,22,3633],"class_list":["post-672401","post","type-post","status-publish","format-standard","has-post-thumbnail","category-titulares","tag-breaking-news","tag-breakingnews","tag-es","tag-espana","tag-featured-news","tag-featurednews","tag-headlines","tag-latest-news","tag-latestnews","tag-news","tag-noticias","tag-noticias-destacadas","tag-noticiasdestacadas","tag-psoe","tag-spain","tag-sumar","tag-titulares","tag-ultimas-noticias","tag-ultimasnoticias","tag-vivienda"],"share_on_mastodon":{"url":"https:\/\/pubeurope.com\/@es\/116967030623072038","error":""},"_links":{"self":[{"href":"https:\/\/www.europesays.com\/es\/wp-json\/wp\/v2\/posts\/672401","targetHints":{"allow":["GET"]}}],"collection":[{"href":"https:\/\/www.europesays.com\/es\/wp-json\/wp\/v2\/posts"}],"about":[{"href":"https:\/\/www.europesays.com\/es\/wp-json\/wp\/v2\/types\/post"}],"author":[{"embeddable":true,"href":"https:\/\/www.europesays.com\/es\/wp-json\/wp\/v2\/users\/2"}],"replies":[{"embeddable":true,"href":"https:\/\/www.europesays.com\/es\/wp-json\/wp\/v2\/comments?post=672401"}],"version-history":[{"count":0,"href":"https:\/\/www.europesays.com\/es\/wp-json\/wp\/v2\/posts\/672401\/revisions"}],"wp:featuredmedia":[{"embeddable":true,"href":"https:\/\/www.europesays.com\/es\/wp-json\/wp\/v2\/media\/672402"}],"wp:attachment":[{"href":"https:\/\/www.europesays.com\/es\/wp-json\/wp\/v2\/media?parent=672401"}],"wp:term":[{"taxonomy":"category","embeddable":true,"href":"https:\/\/www.europesays.com\/es\/wp-json\/wp\/v2\/categories?post=672401"},{"taxonomy":"post_tag","embeddable":true,"href":"https:\/\/www.europesays.com\/es\/wp-json\/wp\/v2\/tags?post=672401"}],"curies":[{"name":"wp","href":"https:\/\/api.w.org\/{rel}","templated":true}]}}