{"id":67278,"date":"2025-08-23T17:22:08","date_gmt":"2025-08-23T17:22:08","guid":{"rendered":"https:\/\/www.europesays.com\/es\/67278\/"},"modified":"2025-08-23T17:22:08","modified_gmt":"2025-08-23T17:22:08","slug":"cambiara-para-siempre-la-imagen-sobre-la-inteligencia-artificial","status":"publish","type":"post","link":"https:\/\/www.europesays.com\/es\/67278\/","title":{"rendered":"cambiar\u00e1 para siempre\u00a0la &#8216;imagen&#8217; sobre la inteligencia artificial"},"content":{"rendered":"<p><b>Google ha calculado el impacto energ\u00e9tico que tiene el uso de su inteligencia artificial (IA) Gemini, que estima en un equivalente a ver la televisi\u00f3n nueve minutos por petici\u00f3n de texto<\/b>, seg\u00fan una nueva metodolog\u00eda.<\/p>\n<p>En profundidad<\/p>\n<p>La compa\u00f1\u00eda tecnol\u00f3gica ha empleado una nueva metodolog\u00eda exhaustiva para la medir la huella medioambiental de sus modelos inteligencia artificial, centr\u00e1ndose<b> en el impacto energ\u00e9tico, de emisiones y de consumo de agua de las peticiones de Gemini<\/b>.<\/p>\n<p>Seg\u00fan sus c\u00e1lculos, Google estima que la mediana de las peticiones de texto de las aplicaciones de Gemini utiliza 0,24 vatios\/hora (Wh) de energ\u00eda, emite 0,03 gramos de di\u00f3xido de carbono equivalente (gCO2e) y consume 0,26 mililitros (o unas cinco gotas) de agua.<\/p>\n<p>Es decir, <b>el impacto energ\u00e9tico por petici\u00f3n es equivalente a ver la televisi\u00f3n durante menos de nueve segundo<\/b>s, como indica en una nota de prensa.<\/p>\n<p>M\u00e1s detalles<\/p>\n<p>Este dato es <b>el resultado de los trabajos que han hecho para mejorar la eficiencia de sus modelos de IA<\/b>, ya que, seg\u00fan ha compartido, en los \u00faltimos doce meses, la energ\u00eda y la huella de carbono total de la mediana de las peticiones de texto de Gemini se redujeron 33 y 44 veces, respectivamente.<\/p>\n<p>A ello se suman los trabajos hechos en los centros de datos, que permitieron reducir en <b>2024 <\/b>las emisiones energ\u00e9ticas un 12 por ciento pese a que el consumo de electricidad aument\u00f3 un 27 por ciento respecto del a\u00f1o anterior.<\/p>\n<p>WhatsApp<a href=\"https:\/\/api.whatsapp.com\/send?text=https:\/\/www.eleconomista.es\/tecnologia\/noticias\/13514809\/08\/25\/google-desvela-el-secreto-que-todos-estaban-esperando-cambiara-para-siemprela-imagen-sobre-la-inteligencia-artificial.html?utm_source%3Dwhatsapp%26utm_medium%3Dshare_button&amp;id=1648118629957_whatsapp\" target=\"_blank\" data-action=\"share\/whatsapp\/share\" aria-label=\"Compartir en Whatsapp\" rel=\"nofollow noopener\"><\/a>Facebook<a id=\"fb-share\" href=\"#\" target=\"_blank\" rel=\"noopener noreferrer\" aria-label=\"Compartir en Facebook\"><\/a>Twitter<a href=\"https:\/\/twitter.com\/share?text=Google+desvela+el+secreto+que+todos+estaban+esperando%3A+cambiar%C3%A1+para+siempre%C2%A0la+%27imagen%27+sobre+la+inteligencia+artificial&amp;url=https:\/\/www.eleconomista.es\/tecnologia\/noticias\/13514809\/08\/25\/google-desvela-el-secreto-que-todos-estaban-esperando-cambiara-para-siemprela-imagen-sobre-la-inteligencia-artificial.html&amp;via=elEconomistaes&amp;id=1648118839245_twitter\" target=\"_blank\" aria-label=\"Compartir en Twitter\" rel=\"nofollow noopener\"><\/a>Linkedin<a href=\"https:\/\/linkedin.com\/share?text=https:\/\/www.eleconomista.es\/tecnologia\/noticias\/13514809\/08\/25\/google-desvela-el-secreto-que-todos-estaban-esperando-cambiara-para-siemprela-imagen-sobre-la-inteligencia-artificial.html&amp;via=elEconomistaes\" target=\"_blank\" aria-label=\"Compartir en linkedin\" rel=\"nofollow noopener\"><\/a>Beloud<a href=\"https:\/\/beloud.com\/share?text=Google+desvela+el+secreto+que+todos+estaban+esperando%3A+cambiar%C3%A1+para+siempre%C2%A0la+%27imagen%27+sobre+la+inteligencia+artificial&amp;url=https:\/\/www.eleconomista.es\/tecnologia\/noticias\/13514809\/08\/25\/google-desvela-el-secreto-que-todos-estaban-esperando-cambiara-para-siemprela-imagen-sobre-la-inteligencia-artificial.html&amp;via=elEconomistaes&amp;id=1648118839245_beloud\" target=\"_blank\" aria-label=\"Compartir en beloud\" rel=\"nofollow noopener\"><\/a>Bluesky<a href=\"https:\/\/bsky.app\/intent\/compose?text=https:\/\/bsky.app\/intent\/compose?text=https:\/\/www.eleconomista.es\/tecnologia\/noticias\/13514809\/08\/25\/google-desvela-el-secreto-que-todos-estaban-esperando-cambiara-para-siemprela-imagen-sobre-la-inteligencia-artificial.html&amp;url=https:\/\/www.eleconomista.es\/tecnologia\/noticias\/13514809\/08\/25\/google-desvela-el-secreto-que-todos-estaban-esperando-cambiara-para-siemprela-imagen-sobre-la-inteligencia-artificial.html&amp;via=elEconomistaes&amp;id=1648118839245_bluesky\" target=\"_blank\" aria-label=\"Compartir en bluesky\" rel=\"nofollow noopener\"><\/a><\/p>\n<p><script async src=\"https:\/\/platform.twitter.com\/widgets.js\" charset=\"utf-8\"><\/script><\/p>\n","protected":false},"excerpt":{"rendered":"Google ha calculado el impacto energ\u00e9tico que tiene el uso de su inteligencia artificial (IA) Gemini, que estima&hellip;\n","protected":false},"author":2,"featured_media":67279,"comment_status":"","ping_status":"","sticky":false,"template":"","format":"standard","meta":{"footnotes":""},"categories":[80],"tags":[82,95,94,25,24,23,3723],"class_list":{"0":"post-67278","1":"post","2":"type-post","3":"status-publish","4":"format-standard","5":"has-post-thumbnail","7":"category-economia","8":"tag-business","9":"tag-economia","10":"tag-economy","11":"tag-es","12":"tag-espana","13":"tag-spain","14":"tag-tecnologaa"},"share_on_mastodon":{"url":"","error":""},"_links":{"self":[{"href":"https:\/\/www.europesays.com\/es\/wp-json\/wp\/v2\/posts\/67278","targetHints":{"allow":["GET"]}}],"collection":[{"href":"https:\/\/www.europesays.com\/es\/wp-json\/wp\/v2\/posts"}],"about":[{"href":"https:\/\/www.europesays.com\/es\/wp-json\/wp\/v2\/types\/post"}],"author":[{"embeddable":true,"href":"https:\/\/www.europesays.com\/es\/wp-json\/wp\/v2\/users\/2"}],"replies":[{"embeddable":true,"href":"https:\/\/www.europesays.com\/es\/wp-json\/wp\/v2\/comments?post=67278"}],"version-history":[{"count":0,"href":"https:\/\/www.europesays.com\/es\/wp-json\/wp\/v2\/posts\/67278\/revisions"}],"wp:featuredmedia":[{"embeddable":true,"href":"https:\/\/www.europesays.com\/es\/wp-json\/wp\/v2\/media\/67279"}],"wp:attachment":[{"href":"https:\/\/www.europesays.com\/es\/wp-json\/wp\/v2\/media?parent=67278"}],"wp:term":[{"taxonomy":"category","embeddable":true,"href":"https:\/\/www.europesays.com\/es\/wp-json\/wp\/v2\/categories?post=67278"},{"taxonomy":"post_tag","embeddable":true,"href":"https:\/\/www.europesays.com\/es\/wp-json\/wp\/v2\/tags?post=67278"}],"curies":[{"name":"wp","href":"https:\/\/api.w.org\/{rel}","templated":true}]}}