{"id":67365,"date":"2025-08-23T18:13:10","date_gmt":"2025-08-23T18:13:10","guid":{"rendered":"https:\/\/www.europesays.com\/es\/67365\/"},"modified":"2025-08-23T18:13:10","modified_gmt":"2025-08-23T18:13:10","slug":"el-cid-el-fandi-y-anibal-ruiz-encabezan-los-eventos-taurinos-de-la-feria-de-bolanos-de-calatrava-noticias-de-ciudad-real","status":"publish","type":"post","link":"https:\/\/www.europesays.com\/es\/67365\/","title":{"rendered":"El Cid, el Fandi y An\u00edbal Ruiz encabezan los eventos taurinos de la Feria de Bola\u00f1os de Calatrava &#8211; Noticias de Ciudad Real"},"content":{"rendered":"<p>Manuel Jes\u00fas \u2018El Cid\u2019, David Fandila \u2018El Fandi\u2019 y <a href=\"https:\/\/www.lacerca.com\/etiquetas\/1\/an%C3%ADbal%20ruiz\" rel=\"tag nofollow noopener\" target=\"_blank\">An\u00edbal Ruiz<\/a>, ser\u00e1n los protagonistas de la corrida de toros con motivo de la Feria y Fiestas en honor al Cristo de la Columna.<\/p>\n<p>Un evento que tendr\u00e1 lugar el pr\u00f3ximo 12 de septiembre en la Plaza de Toros Jos\u00e9 Ruiz \u2018Calatrave\u00f1o\u2019, a partir de las 17.30 horas, seg\u00fan ha informado el Ayuntamiento por nota de prensa.<\/p>\n<p>El evento, organizado por la empresa \u2018Mare Nostrum\u2019, supone un regreso de las corridas de toros a Bola\u00f1os de Calatrava tras dos a\u00f1os de ausencia.<\/p>\n<p>Las entradas en barrera numerada de sombra contar\u00e1 con un precio de 50 euros y el tendido general de sombra 30 euros.<\/p>\n<p>Asimismo, se ha ofrecido facilidades para jubilados y para j\u00f3venes hasta 25 a\u00f1os que tendr\u00e1n la opci\u00f3n de comprar el tendido general reducido a 25 euros en la sombra y a 20 euros en el sol. Los ni\u00f1os menores de 8 a\u00f1os tendr\u00e1n entrada gratis.<\/p>\n","protected":false},"excerpt":{"rendered":"Manuel Jes\u00fas \u2018El Cid\u2019, David Fandila \u2018El Fandi\u2019 y An\u00edbal Ruiz, ser\u00e1n los protagonistas de la corrida de&hellip;\n","protected":false},"author":2,"featured_media":67366,"comment_status":"","ping_status":"","sticky":false,"template":"","format":"standard","meta":{"footnotes":""},"categories":[277],"tags":[27238,10158,373,2632,5008,168,27239,25,24,4806,16236,599,5106,23,167,3870,374],"class_list":{"0":"post-67365","1":"post","2":"type-post","3":"status-publish","4":"format-standard","5":"has-post-thumbnail","7":"category-toreo","8":"tag-anibal","9":"tag-bolanos","10":"tag-bullfighting","11":"tag-calatrava","12":"tag-cid","13":"tag-deportes","14":"tag-encabezan","15":"tag-es","16":"tag-espana","17":"tag-eventos","18":"tag-fandi","19":"tag-feria","20":"tag-ruiz","21":"tag-spain","22":"tag-sports","23":"tag-taurinos","24":"tag-toreo"},"share_on_mastodon":{"url":"","error":""},"_links":{"self":[{"href":"https:\/\/www.europesays.com\/es\/wp-json\/wp\/v2\/posts\/67365","targetHints":{"allow":["GET"]}}],"collection":[{"href":"https:\/\/www.europesays.com\/es\/wp-json\/wp\/v2\/posts"}],"about":[{"href":"https:\/\/www.europesays.com\/es\/wp-json\/wp\/v2\/types\/post"}],"author":[{"embeddable":true,"href":"https:\/\/www.europesays.com\/es\/wp-json\/wp\/v2\/users\/2"}],"replies":[{"embeddable":true,"href":"https:\/\/www.europesays.com\/es\/wp-json\/wp\/v2\/comments?post=67365"}],"version-history":[{"count":0,"href":"https:\/\/www.europesays.com\/es\/wp-json\/wp\/v2\/posts\/67365\/revisions"}],"wp:featuredmedia":[{"embeddable":true,"href":"https:\/\/www.europesays.com\/es\/wp-json\/wp\/v2\/media\/67366"}],"wp:attachment":[{"href":"https:\/\/www.europesays.com\/es\/wp-json\/wp\/v2\/media?parent=67365"}],"wp:term":[{"taxonomy":"category","embeddable":true,"href":"https:\/\/www.europesays.com\/es\/wp-json\/wp\/v2\/categories?post=67365"},{"taxonomy":"post_tag","embeddable":true,"href":"https:\/\/www.europesays.com\/es\/wp-json\/wp\/v2\/tags?post=67365"}],"curies":[{"name":"wp","href":"https:\/\/api.w.org\/{rel}","templated":true}]}}