{"id":673835,"date":"2026-07-23T23:14:26","date_gmt":"2026-07-23T23:14:26","guid":{"rendered":"https:\/\/www.europesays.com\/es\/673835\/"},"modified":"2026-07-23T23:14:26","modified_gmt":"2026-07-23T23:14:26","slug":"ignacio-buse-formara-parte-del-cuadro-principal-del-us-open-2026-video-atp-tour-tenis-new-york-deportes","status":"publish","type":"post","link":"https:\/\/www.europesays.com\/es\/673835\/","title":{"rendered":"Ignacio Buse formar\u00e1 parte del cuadro principal del US Open 2026 VIDEO ATP Tour Tenis New York | DEPORTES"},"content":{"rendered":"<p itemprop=\"description\" class=\"story-contents__font-paragraph \">El tenis peruano vuelve a celebrar una importante noticia a nivel internacional. <a itemprop=\"url\" href=\"https:\/\/trome.com\/deportes\/polideportivo\/ignacio-buse-noqueo-a-vit-kopriva-en-atp-250-de-austria-video-noticia\/\" target=\"_self\" rel=\"nofollow noopener\" title=\"https:\/\/trome.com\/deportes\/polideportivo\/ignacio-buse-noqueo-a-vit-kopriva-en-atp-250-de-austria-video-noticia\/\"><b>Ignacio Buse<\/b><\/a> fue confirmado oficialmente en el cuadro principal del <a itemprop=\"url\" href=\"https:\/\/trome.com\/deportes\/polideportivo\/ignacio-buse-escala-en-el-ranking-atp-tras-participacion-en-el-us-open-video-tenis-copa-davis-juan-pablo-varillas-noticia\/\" target=\"_self\" rel=\"nofollow noopener\" title=\"https:\/\/trome.com\/deportes\/polideportivo\/ignacio-buse-escala-en-el-ranking-atp-tras-participacion-en-el-us-open-video-tenis-copa-davis-juan-pablo-varillas-noticia\/\"><b>US Open 2026<\/b><\/a>, el \u00faltimo <b>Grand Slam<\/b> de la temporada, y disputar\u00e1 por segunda vez en el a\u00f1o uno de los cuatro torneos m\u00e1s prestigiosos del circuito mundial. La clasificaci\u00f3n directa representa un nuevo paso en la carrera del joven deportista, que contin\u00faa escalando posiciones en el <b>ranking ATP<\/b> y afianz\u00e1ndose entre los mejores tenistas sudamericanos.<\/p>\n<p>Mira tambi\u00e9n:<\/p>\n<p><a itemprop=\"url\" href=\"https:\/\/trome.com\/deportes\/futbol-peruano\/alfredo-arosemena-asume-como-nuevo-adminsitrador-de-alianza-lima-video-liga1-torneo-clausura-noticia\/\" rel=\"nofollow noopener\" target=\"_blank\"><img src=\"https:\/\/www.europesays.com\/es\/wp-content\/uploads\/2026\/07\/4AYRLDYBVVC3VA5G4EUBJZH2D4.jpg\" alt=\"Alfredo Arosemena asume como nuevo adminsitrador de Alianza Lima [VIDEO]\" decoding=\"async\" class=\"lazy story-content__link-list-image w-full h-full lazy\"\/><\/a><a itemprop=\"url\" href=\"https:\/\/trome.com\/deportes\/futbol-internacional\/mundial-2026-este-es-el-equipo-ideal-de-la-fifa-con-estas-novedades-video-kylian-mbappe-vozinha-lionel-messi-noticia\/\" rel=\"nofollow noopener\" target=\"_blank\"><img src=\"https:\/\/www.europesays.com\/es\/wp-content\/uploads\/2026\/07\/GBKYSBMS3JGJ5MKP6N3YPTFFEA.jpg\" alt=\"Mundial 2026: Este es el equipo ideal de la FIFA con estas novedades [VIDEO]\" decoding=\"async\" class=\"lazy story-content__link-list-image w-full h-full lazy\"\/><\/a><\/p>\n<p itemprop=\"description\" class=\"story-contents__font-paragraph \">La presencia del peruano en <b>Nueva York<\/b> fue posible gracias al corte oficial del torneo y a su ubicaci\u00f3n en el <b>puesto 35 del ranking ATP<\/b>, situaci\u00f3n que le permitir\u00e1 evitar la exigente fase clasificatoria y acceder directamente al cuadro principal. De esta manera, Ignacio Buse tendr\u00e1 la oportunidad de medirse desde la primera ronda con algunos de los mejores jugadores del circuito, en un certamen que re\u00fane a las principales figuras del tenis mundial.<\/p>\n<p itemprop=\"description\" class=\"story-contents__font-paragraph \">El objetivo del tenista nacional ser\u00e1 sumar una nueva victoria en un <b>Grand Slam<\/b>. Buse ya sabe lo que significa celebrar en este tipo de competencias, luego de conseguir un valioso triunfo en la primera ronda de <b>Wimbledon<\/b> durante la presente temporada. Ahora buscar\u00e1 trasladar ese buen momento a las canchas de superficie dura del <b>US Open<\/b>, donde intentar\u00e1 seguir escribiendo una de las mejores campa\u00f1as de su carrera profesional y confirmar el crecimiento que ha mostrado durante el 2026.<\/p>\n<p><b>Nacho Buse ya tiene rival para cuartos en ATP 250<\/b> <\/p>\n<p itemprop=\"description\" class=\"story-contents__font-paragraph \">La edici\u00f3n 2026 del <b>US Open<\/b> tambi\u00e9n contar\u00e1 con la presencia de importantes figuras del circuito internacional. Entre ellas destaca el espa\u00f1ol <b>Carlos Alcaraz<\/b>, quien afrontar\u00e1 el \u00faltimo Grand Slam del calendario despu\u00e9s de perderse <b>Roland Garros<\/b> y <b>Wimbledon<\/b>, por lo que su regreso genera gran expectativa entre los aficionados. La participaci\u00f3n de jugadores de primer nivel incrementar\u00e1 el nivel de exigencia del torneo y ofrecer\u00e1 un escenario ideal para que Ignacio Buse contin\u00fae acumulando experiencia frente a la \u00e9lite del tenis.<\/p>\n<p><img decoding=\"async\" src=\"https:\/\/www.europesays.com\/es\/wp-content\/uploads\/2026\/07\/1784848464_381_hqdefault.jpg\" alt=\"\" class=\"lyt-img lazy\" type=\"image\/jpeg\"\/><\/p>\n<p itemprop=\"description\" class=\"story-contents__font-paragraph \">Con esta clasificaci\u00f3n, <b>Ignacio Buse<\/b> confirma el gran momento que atraviesa y fortalece su proyecci\u00f3n dentro del circuito ATP, donde este jueves jugar\u00e1 los cuartos de final del ATP 250 de Kitzb\u00fchel, donde \u2018Nacho\u2019 enfrentar\u00e1 al argentino Tom\u00e1s Mart\u00edn Etcheverry, quien asegur\u00f3 su clasificaci\u00f3n tras vencer al austr\u00edaco Jurij Rodionov en los octavos de final.<\/p>\n<p><b>TE PUEDE INTERESAR<\/b>SOBRE EL AUTOR<a itemprop=\"url\" href=\"https:\/\/trome.com\/autor\/redaccion-deportes\/\" target=\"_blank\" rel=\"noreferrer nofollow noopener\"><img src=\"https:\/\/www.europesays.com\/es\/wp-content\/uploads\/2026\/07\/https:\/\/s3.amazonaws.com\/arc-authors\/elcomercio\/640d533f-846a-4606-b48a-139a08dc9f88.jpg\" alt=\"Redacci\u00f3n Deportes\" decoding=\"async\" class=\"lazy story-contents__about-author-image lazy\"\/><\/a><a class=\"story-contents__about-author-social-icon\" href=\"https:\/\/twitter.com\/tromepe\" itemprop=\"url\" rel=\"noreferrer nofollow noopener\" aria-label=\"Leer mas contenido del autor en twitter\" target=\"_blank\"><img loading=\"lazy\" decoding=\"async\" src=\"https:\/\/www.europesays.com\/es\/wp-content\/uploads\/2026\/07\/1784848466_598_svgto_x_dark_op.png\" alt=\"x-twitter\" width=\"18\" height=\"18\"\/><\/a><\/p>\n<p class=\"story-contents__about-author-bio\">Somos el equipo deportivo de Trome. Conocemos el f\u00fatbol peruano y hemos recorrido el mundo para cubrir todos los deportes imaginables. \u00bfTorneos? Todos. La Liga, Premier League, Liga MX, Torneo Argentino, Brasileirao, MLS, todo.  <\/p>\n<p><script async src=\"https:\/\/platform.twitter.com\/widgets.js\" charset=\"utf-8\"><\/script><\/p>\n","protected":false},"excerpt":{"rendered":"El tenis peruano vuelve a celebrar una importante noticia a nivel internacional. Ignacio Buse fue confirmado oficialmente en&hellip;\n","protected":false},"author":2,"featured_media":673836,"comment_status":"","ping_status":"","sticky":false,"template":"","format":"standard","meta":{"footnotes":""},"categories":[274],"tags":[168,25,24,26625,23,167,327,326],"class_list":["post-673835","post","type-post","status-publish","format-standard","has-post-thumbnail","category-tenis","tag-deportes","tag-es","tag-espana","tag-ignacio-buse","tag-spain","tag-sports","tag-tenis","tag-tennis"],"share_on_mastodon":{"url":"https:\/\/pubeurope.com\/@es\/116971836519248545","error":""},"_links":{"self":[{"href":"https:\/\/www.europesays.com\/es\/wp-json\/wp\/v2\/posts\/673835","targetHints":{"allow":["GET"]}}],"collection":[{"href":"https:\/\/www.europesays.com\/es\/wp-json\/wp\/v2\/posts"}],"about":[{"href":"https:\/\/www.europesays.com\/es\/wp-json\/wp\/v2\/types\/post"}],"author":[{"embeddable":true,"href":"https:\/\/www.europesays.com\/es\/wp-json\/wp\/v2\/users\/2"}],"replies":[{"embeddable":true,"href":"https:\/\/www.europesays.com\/es\/wp-json\/wp\/v2\/comments?post=673835"}],"version-history":[{"count":0,"href":"https:\/\/www.europesays.com\/es\/wp-json\/wp\/v2\/posts\/673835\/revisions"}],"wp:featuredmedia":[{"embeddable":true,"href":"https:\/\/www.europesays.com\/es\/wp-json\/wp\/v2\/media\/673836"}],"wp:attachment":[{"href":"https:\/\/www.europesays.com\/es\/wp-json\/wp\/v2\/media?parent=673835"}],"wp:term":[{"taxonomy":"category","embeddable":true,"href":"https:\/\/www.europesays.com\/es\/wp-json\/wp\/v2\/categories?post=673835"},{"taxonomy":"post_tag","embeddable":true,"href":"https:\/\/www.europesays.com\/es\/wp-json\/wp\/v2\/tags?post=673835"}],"curies":[{"name":"wp","href":"https:\/\/api.w.org\/{rel}","templated":true}]}}