{"id":673928,"date":"2026-07-24T00:44:17","date_gmt":"2026-07-24T00:44:17","guid":{"rendered":"https:\/\/www.europesays.com\/es\/673928\/"},"modified":"2026-07-24T00:44:17","modified_gmt":"2026-07-24T00:44:17","slug":"un-nuevo-incendio-se-desata-en-san-martin-de-valdeiglesias-tras-arder-un-coche-desalojan-residencia-y-confinan-dos-urbanizaciones","status":"publish","type":"post","link":"https:\/\/www.europesays.com\/es\/673928\/","title":{"rendered":"Un nuevo incendio se desata en San Mart\u00edn de Valdeiglesias tras arder un coche: desalojan residencia y confinan dos urbanizaciones"},"content":{"rendered":"<p class=\"c-paragraph\">La oleada de incendios en el suroeste de Madrid y su cercan\u00eda con los de Castilla y Le\u00f3n <b>han obligado al Gobierno central a declarar la emergencia de inter\u00e9s nacional en las dos regiones. <\/b>Las llamas activas en Villa del Prado, San Mart\u00edn de Valdeiglesias y Burgohondo (en \u00c1vila), junto con las condiciones meteorol\u00f3gicas han motivado la decisi\u00f3n. Ahora la gesti\u00f3n recaer\u00e1 en la Administraci\u00f3n central. La decisi\u00f3n se ha tomado en la madrugada por el ministro del Interior, Fernando Grande Marlaska, quien se ha desplazado hasta el punto de mando habilitado en Madrid para colaborar el plan de extinci\u00f3n. Horas antes, la presidenta de la Comunidad de Madrid, Isabel D\u00edaz Ayuso, hab\u00eda solicitado la medida p\u00fablicamente para actuar ante unos incendios<b> \u00absin capacidad de extinci\u00f3n\u00bb<\/b>. En Madrid, hasta la fecha, se han tenido que evacuar varios municipios y 10.000 personas.<\/p>\n<p class=\"c-paragraph\">Tres incendios se extienden por la Comunidad de Madrid: en el municipio de Villa del Prado, en San Mart\u00edn de Valdeiglesias y en el entorno de Almorox.\u00a0<a href=\"https:\/\/www.20minutos.es\/madrid\/incendio-almorox-villa-prado-arrasa-890-hectareas-600-madrid-se-vigila-evolucion-viento-durante-tarde_7018101_0.html\" target=\"_blank\" rel=\"nofollow noopener\">Estos focos han provocado<\/a>\u00a0<b>el desalojo de Pelayos de la Presa, Aldea del Fresno y varias urbanizaciones, entre ellas Caravan Garden,\u00a0San Ram\u00f3n, Jaracruz,<\/b>\u00a0la de El Encinar del Alberche,\u00a0cuyos vecinos fueron evacuados el mi\u00e9rcoles. El viento y las altas temperaturas han contribuido al r\u00e1pido avance de las llamas por el suroeste de la regi\u00f3n. Esta situaci\u00f3n ha ocasionado da\u00f1os en viviendas y ha generado cortes en varios tramos de carreteras. Los equipos de emergencia se encuentran desplegados en estos puntos para controlar las llamas.\u00a0Los trabajos para controlar y perimetrar el fuego se extender\u00e1n, de forma previsible, durante toda la noche.<\/p>\n<p class=\"c-paragraph\">Ante esta situaci\u00f3n y la cercan\u00eda de estos focos con el de Burgohondo, se ha declarado la situaci\u00f3n operativa 3 de inter\u00e9s nacional. \u00abLa decisi\u00f3n se ha tomado debido a <b>la concurrencia de estos incendios, junto con unas condiciones meteorol\u00f3gicas especialmente adversas<\/b> y la necesidad de movilizar un importante volumen de recursos de distintas administraciones p\u00fablicas, factores que han incrementado la complejidad de las labores de extinci\u00f3n y de protecci\u00f3n civil\u00bb, han explicado desde el Gobierno central. El ministro del Interior se ha desplazado durante la noche del jueves al centro base de Ciempozuelos desde donde ha anunciado la medida al valorar la situaci\u00f3n y \u00bb la existencia de evacuaciones preventivas, la amenaza de los incendios sobre n\u00facleos de poblaci\u00f3n y el potencial impacto supraterritorial de la emergencia\u00bb.<\/p>\n<p class=\"c-paragraph\">A partir de ahora, la gesti\u00f3n de los incendios recaer\u00e1 sobre la Administraci\u00f3n central, que ejercer\u00e1 la direcci\u00f3n operativa de la emergencia a trav\u00e9s del jefe de la UME. Horas antes, la presidenta de la Comunidad de Madrid, Isabel D\u00edaz Ayuso, ya hab\u00eda pedido p\u00fablicamente que se elevar\u00e1 la situaci\u00f3n de emergencia por la cercan\u00eda de varios incendios en tres comunidades aut\u00f3nomas, as\u00ed como la previsi\u00f3n de una evoluci\u00f3n desfavorable. \u00abEn Madrid\u00a0<b>tenemos miles de evacuados e incendios fuera de capacidad de extinci\u00f3n. <\/b>Ma\u00f1ana\u00a0se esperan condiciones meteorol\u00f3gicas muy adversas\u00a0y es necesario reforzar el apoyo nacional e incluso internacional para estos incendios\u00bb, ha se\u00f1alado.\u00a0<\/p>\n<p class=\"c-paragraph\">Asimismo, desde la Comunidad de Madrid se prev\u00e9 que\u00a0\u00a0\u00aben las pr\u00f3ximas horas y dadas las condiciones meteorol\u00f3gicas, el incendio de \u00c1vila vaya a impactar\u00bb en la regi\u00f3n. Hasta ahora, <b>unos 10.000 madrile\u00f1os se encuentran evacuados por el fuego. <\/b>\u00abEn cuanto se sepa la magnitud de este desastre, la Comunidad de Madrid anunciar\u00e1 ayudas y planes para paliar sus consecuencias\u00bb, ha adelantado la presidenta de la Comunidad de Madrid. Por su parte, en \u00c1vila se han desalojado a unas 8.000 personas.<\/p>\n<p class=\"c-paragraph\">Este jueves, los avisos por incendios forestales no han dado tregua a los equipos de emergencia de la regi\u00f3n. Mientras los efectivos se encargaban de controlar y vigilar el avance de que se origin\u00f3 este mi\u00e9rcoles en Toledo, se han producido otros dos fuegos. Estos focos se han extendido durante la tarde avanzando por varios municipios. A pocos kil\u00f3metros de las llamas de Almorox,<b> en la localidad de Villa del Prado se ha producido un nuevo incendio independiente, que tambi\u00e9n ha afectado a la localidad de Aldea del Fresno. <\/b>Alrededor de las 17.20 horas, se ha enviado un Es-Alert a la poblaci\u00f3n pr\u00f3xima a la urbanizaci\u00f3n de Caravan Garden para evacuar la zona.\u00a0<\/p>\n<p class=\"c-paragraph\">Avanzada la tarde, sobre las 18.30 horas se ha mandado otra alerta en Aldea del Fresno solicitando la evacuaci\u00f3n de los 3.500 vecinos hacia Villamanta. Por otro lado, se han evacuado dos residencias. Los 70 usuarios de la residencia de mayores de San Juan Bautista son trasladado a un centro de Legan\u00e9s, los 77 de Parque de los Frailes se han alojado en el polideportivo de Villamanta, y los 78 de Picadas se han trasladado a las mismas instalaciones municipales.\u00a0La cercan\u00eda del r\u00edo Alberche se espera que act\u00fae como cortafuegos natural en caso de llegar hasta la localidad. Por otro lado, en <b>la zona urbana de Villa del Prado se ha indicado a los vecinos que permanezcan confinados<\/b> hasta nuevo aviso. Las autoridades han recomendado mantener puertas y ventanas cerradas.<\/p>\n<p class=\"c-paragraph\">Estos trabajos <b>se suman a los que se vienen realizando desde este mi\u00e9rcoles por el incendio en Almorox que salt\u00f3 hasta Madrid. <\/b>Su evoluci\u00f3n arras\u00f3 890 hect\u00e1reas, 600 de ellas en la regi\u00f3n. Este fuego oblig\u00f3 a desalojar la urbanizaci\u00f3n El Encinar del Alberche. En total se evacu\u00f3 a 700 personas de la zona y 200 de ellas pasaron la noche en el polideportivo municipal, seg\u00fan ha concretado la Comunidad de Madrid.\u00a0<\/p>\n<p class=\"c-paragraph\">Aunque el incendio de Almorox se encuentra en fase de estabilizaci\u00f3n, el viento y las altas temperaturas obligan a vigilar de cerca su evoluci\u00f3n. \u00ab<b>Vamos a mantener la no habitabilidad en esas zonas m\u00e1s afectadas. La zona es de riesgo y a\u00fan hay puntos calientes\u00bb,<\/b>\u00a0ha indicado el consejero de Medio Ambiente, Agricultura e Interior de la Comunidad de Madrid, Carlos Novillo. En la zona trabajan 150 efectivos para sofocar los focos que siguen activos. Esta urbanizaci\u00f3n tiene m\u00e1s de 50 kil\u00f3metros de calles y cerca de 6.000 vecinos, seg\u00fan han explicado desde el Gobierno regional.<a href=\"\"\/><\/p>\n<p class=\"c-paragraph\">Por otro lado, sobre las 16.00 horas,<b> se ha declarado otro incendio en San Mart\u00edn de Valdeiglesias con afecci\u00f3n al municipio cercano de Pelayos de la Presa.<\/b>\u00a0El origen ha sido un coche ardiendo junto al arc\u00e9n de la carretera a la altura del kil\u00f3metro 57 de la M-501. Debido al viento y las altas temperaturas, el fuego se han extendido con rapidez por la zona de monte llegando en pocas horas hasta el pantano de San Juan. Hasta la zona se han desplazado 16 medios a\u00e9reos y terrestres de bomberos, brigadas forestales y agentes forestales para extinguir las llamas, seg\u00fan ha informado el 112.<\/p>\n<p class=\"c-paragraph\">Pocos minutos despu\u00e9s de detectarse el incendio forestal, se ha enviado un mensaje a trav\u00e9s del sistema ES-Alert a la poblaci\u00f3n de las urbanizaciones de San Ram\u00f3n y Jaracruz (en las cercan\u00edas de San Mart\u00edn de Valdeiglesias). <b>El servicio de emergencias ha solicitado a estos vecinos permanecer confinados en sus hogares <\/b>hasta nuevo aviso y mantener puertas y ventanas cerradas. Debido al avance de las llamas, sobre las 17.00 horas en Pelayos de la Presa se ha solicitado a los habitantes dirigirse al casco urbano. En la residencia L\u00f3pez Rumayor, se ha dispuesto un operativo por si fuera necesaria la evacuaci\u00f3n. Mientras, el centro para personas con discapacidad gravemente afectadas, con 28 residentes, cuenta tambi\u00e9n con un plan de traslado a otros centros de la red p\u00fablica.<\/p>\n<p class=\"c-paragraph\">Para contribuir en las operaciones de extinci\u00f3n, se han enviado a estas zonas dos aviones anfibios FOCA.<b>\u00a0<\/b>En total se han desplegado 270 profesionales con 40 medios terrestres. En Villa del Prado se han destinado 21 veh\u00edculos, 90 profesionales y una secci\u00f3n de la UME con 40 agentes; en San Mart\u00edn de Valdeiglesias, 17 veh\u00edculos, 65 efectivos, dos secciones de la UME con 40 dotaciones cada una.\u00a0<b>Los incendios y el humo han ocasionado da\u00f1os en viviendas, aunque por ahora no se han cuantificado. <\/b>Para las evacuaciones se han enviado autobuses interurbanos. En Pelayos de la Presa hay dos para trasladar a los vecinos evacuados hasta Chapiner\u00eda y en Villamanta hay cuatro veh\u00edculos preparados por si fuera necesario desalojar la localidad de forma inmediata. Asimismo, las rutas de transporte diarias modificar\u00e1n sus recorridos: la 551 establece cabecera en Navas del Rey y las\u00a0541, 545, 546, 547 y 548 suspenden de forma temporada el servicio.<\/p>\n<p class=\"c-paragraph\">Esta situaci\u00f3n <b>ha obligado a cortar\u00a0tramos de las carreteras <\/b>M-507 (desde kilom\u00e9trico 27,5 hasta el 36, entre Villa del Prado y la intersecci\u00f3n con la N-403), la M-540 (entre los kil\u00f3metros 1 y 6,9, desde Villa del Prado hasta el l\u00edmite provincial con Toledo), la M-541(entre los kil\u00f3metros 0 y 6,4, en Pelayos de la Presa y San Mart\u00edn de Valdeiglesias), la\u00a0M-501 (entre los kil\u00f3metros 50,7 y 59,4, a la altura de San Mart\u00edn de Valdeiglesias. Entre Navas del Rey y Pelayos de la Presa, est\u00e1 cortada la circulaci\u00f3n en sentido creciente entre los kil\u00f3metros 43,5 y 50,7.),\u00a0y la M-206 (entre los kil\u00f3metros 5 y 6, en el tramo Loeches-San Fernando de Henares).<\/p>\n<p class=\"c-paragraph\">Entre los recursos activados, se han habilitado puestos sanitarios en Villamanta, San Mart\u00edn de Valdeiglesias y en Villa del Prado con m\u00e9dicos, enfermeras y soporte vital b\u00e1sico. Para las personas con movilidad reducida se han programado traslados en ambulancia a estos puntos. <b>\u00abHasta el momento no se ha producido ninguna asistencia sanitaria de car\u00e1cter grave\u00bb,<\/b> han detallado desde la Comunidad de Madrid. Aunque tres personas han requerido ingreso en el hospital en La Poveda por necesidades de car\u00e1cter menor. El Summa 112 ha desplegado cuatro ambulancias con asistencia psicol\u00f3gica en Villa del Prado. En Villamanta se han movilizado tres ambulancias. El hospital Zendal se ha designado como centro de referencia para posibles urgencias.<\/p>\n<p class=\"c-paragraph\">Durante la jornada de este jueves, las autoridades pon\u00edan atenci\u00f3n a la evoluci\u00f3n meteorol\u00f3gica para analizar la evoluci\u00f3n del fuego.<b> \u00abLas altas temperaturas y los vientos, no van a dar tregua en las pr\u00f3ximas 24-48 horas. <\/b>Y, por eso, ahora con la m\u00e1xima precauci\u00f3n\u00bb, ha se\u00f1alado la presidenta de la Comunidad de Madrid, Isabel D\u00edaz Ayuso, desde el punto de mando habilitado en Cenicientos para controlar la situaci\u00f3n. Aunque por la noche se logr\u00f3 perimetrar el incendio de Almorox, se tem\u00eda que se reavivaran las llamas durante la tarde. Mientras se analizaba la situaci\u00f3n, tambi\u00e9n prosegu\u00edan los trabajos para cuantificar los da\u00f1os causados en la urbanizaci\u00f3n de\u00a0El Encinar del Alberche. \u00abUna vez evaluados los da\u00f1os se podr\u00e1 actuar\u00a0desde las administraciones\u00bb, ha indicado D\u00edaz Ayuso al dirigirse a la poblaci\u00f3n de las zonas arrasadas por el fuego.<\/p>\n","protected":false},"excerpt":{"rendered":"La oleada de incendios en el suroeste de Madrid y su cercan\u00eda con los de Castilla y Le\u00f3n&hellip;\n","protected":false},"author":2,"featured_media":673929,"comment_status":"","ping_status":"","sticky":false,"template":"","format":"standard","meta":{"footnotes":""},"categories":[8],"tags":[122189,17,18,25,24,13,14,11,48,19,20,205,9,10,15,16,26353,23,12,21,22,19829],"class_list":["post-673928","post","type-post","status-publish","format-standard","has-post-thumbnail","category-espana","tag-almorox","tag-breaking-news","tag-breakingnews","tag-es","tag-espana","tag-featured-news","tag-featurednews","tag-headlines","tag-incendio","tag-latest-news","tag-latestnews","tag-madrid","tag-news","tag-noticias","tag-noticias-destacadas","tag-noticiasdestacadas","tag-san-martin-de-valdeiglesias","tag-spain","tag-titulares","tag-ultimas-noticias","tag-ultimasnoticias","tag-villa-del-prado"],"share_on_mastodon":{"url":"https:\/\/pubeurope.com\/@es\/116972189479247010","error":""},"_links":{"self":[{"href":"https:\/\/www.europesays.com\/es\/wp-json\/wp\/v2\/posts\/673928","targetHints":{"allow":["GET"]}}],"collection":[{"href":"https:\/\/www.europesays.com\/es\/wp-json\/wp\/v2\/posts"}],"about":[{"href":"https:\/\/www.europesays.com\/es\/wp-json\/wp\/v2\/types\/post"}],"author":[{"embeddable":true,"href":"https:\/\/www.europesays.com\/es\/wp-json\/wp\/v2\/users\/2"}],"replies":[{"embeddable":true,"href":"https:\/\/www.europesays.com\/es\/wp-json\/wp\/v2\/comments?post=673928"}],"version-history":[{"count":0,"href":"https:\/\/www.europesays.com\/es\/wp-json\/wp\/v2\/posts\/673928\/revisions"}],"wp:featuredmedia":[{"embeddable":true,"href":"https:\/\/www.europesays.com\/es\/wp-json\/wp\/v2\/media\/673929"}],"wp:attachment":[{"href":"https:\/\/www.europesays.com\/es\/wp-json\/wp\/v2\/media?parent=673928"}],"wp:term":[{"taxonomy":"category","embeddable":true,"href":"https:\/\/www.europesays.com\/es\/wp-json\/wp\/v2\/categories?post=673928"},{"taxonomy":"post_tag","embeddable":true,"href":"https:\/\/www.europesays.com\/es\/wp-json\/wp\/v2\/tags?post=673928"}],"curies":[{"name":"wp","href":"https:\/\/api.w.org\/{rel}","templated":true}]}}