{"id":67432,"date":"2025-08-23T18:56:13","date_gmt":"2025-08-23T18:56:13","guid":{"rendered":"https:\/\/www.europesays.com\/es\/67432\/"},"modified":"2025-08-23T18:56:13","modified_gmt":"2025-08-23T18:56:13","slug":"tragica-muerte-de-un-hombre-en-el-espigon-de-debajo-del-puente-de-la-constitucion-de-cadiz","status":"publish","type":"post","link":"https:\/\/www.europesays.com\/es\/67432\/","title":{"rendered":"Tr\u00e1gica muerte de un hombre en el espig\u00f3n de debajo del puente de la Constituci\u00f3n de C\u00e1diz"},"content":{"rendered":"<p class=\"voc-pretitle\">\nsucesos\n<\/p>\n<p>La v\u00edctima, un hombre de 48 a\u00f1os, estaba pescando cuando una piedra se desprendi\u00f3 del espig\u00f3n y le aplast\u00f3<\/p>\n<p><img fetchpriority=\"high\" class=\"voc-img\" src=\"https:\/\/www.europesays.com\/es\/wp-content\/uploads\/2025\/08\/espigon1-Rer9o4b80ftyioqLJ9JKF4J-1200x840@abc.jpg\" loading=\"eager\" decoding=\"async\" alt=\"Tr\u00e1gica muerte de un hombre en el espig\u00f3n de debajo del puente de la Constituci\u00f3n de C\u00e1diz\" width=\"1200\" height=\"840\"\/><\/p>\n<p>23\/08\/2025<br \/>\n<br \/><strong><br \/>\nActualizado a las 18:33h.<br \/>\n<\/strong><\/p>\n<p class=\"voc-p\" style=\"\">Un<strong> hombre de 48 a\u00f1os ha perdido la vida hoy mientras se encontraba <strong>pescando acompa\u00f1ado de su padre<\/strong> en el espig\u00f3n situado al fondo del Club Viento de Levante, en la zona cercana al puente de la Constituci\u00f3n de 1812<\/strong> de C\u00e1diz,<\/p>\n<p class=\"voc-p\" style=\"\">El suceso se produjo en torno a las 14:10 horas, cuando, seg\u00fan ha podido saber este peri\u00f3dico de fuentes consultadas, <strong>una de las grandes piedras del espig\u00f3n se desprendi\u00f3 y cay\u00f3 sobre la v\u00edctima mientras<\/strong> se encontraba en la zona de rocas.<\/p>\n<p class=\"voc-p\" style=\"\">El hombre perdi\u00f3 la vida cuando se acercaba para<strong> ayudar a su padre al que se le hab\u00eda enganchado el equipo de pesca<\/strong>. Fue entonces cuando se hallaba entre las grandes piedras del espig\u00f3n cuando una de ellas <strong>se desprendi\u00f3 <\/strong>y cay\u00f3 sobre \u00e9l, provoc\u00e1ndole la muerte aplastado. Estas estructuras no est\u00e1n fijadas de manera permanente y pueden desplazarse, lo que incrementa su peligrosidad.<\/p>\n<p class=\"voc-p\" style=\"\">Fue el propio padre del fallecido quien alert\u00f3 a la Polic\u00eda, que se desplaz\u00f3 de inmediato al lugar de los hechos. Posteriormente, a las 16.30 horas, se procedi\u00f3 al <strong>levantamiento del cad\u00e1ver<\/strong> con la presencia de la autoridad judicial y del forense.<\/p>\n<p class=\"voc-p\" style=\"\">Al lugar del suceso se han acercado tanto el alcalde, Bruno Garc\u00eda, como el teniente de alcalde de Medio Ambiente, Jos\u00e9 Carlos Teruel.<\/p>\n<p class=\"voc-p\" style=\"\">Ser\u00e1 la autopsia la que determine la causa exacta del fallecimiento, aunque<strong> todo apunta a que la v\u00edctima qued\u00f3 aplastada por el desprendimiento de una de las piedras<\/strong> del espig\u00f3n.<\/p>\n<p>Reportar un error<\/p>\n","protected":false},"excerpt":{"rendered":"sucesos La v\u00edctima, un hombre de 48 a\u00f1os, estaba pescando cuando una piedra se desprendi\u00f3 del espig\u00f3n y&hellip;\n","protected":false},"author":2,"featured_media":67433,"comment_status":"","ping_status":"","sticky":false,"template":"","format":"standard","meta":{"footnotes":""},"categories":[8],"tags":[17,18,2193,11298,11384,25,24,27248,13,14,11,366,2326,19,20,4920,9,10,15,16,2497,23,12,12130,21,22],"class_list":{"0":"post-67432","1":"post","2":"type-post","3":"status-publish","4":"format-standard","5":"has-post-thumbnail","7":"category-espana","8":"tag-breaking-news","9":"tag-breakingnews","10":"tag-cadiz","11":"tag-constitucion","12":"tag-debajo","13":"tag-es","14":"tag-espana","15":"tag-espigon","16":"tag-featured-news","17":"tag-featurednews","18":"tag-headlines","19":"tag-hombre","20":"tag-junto","21":"tag-latest-news","22":"tag-latestnews","23":"tag-muerte","24":"tag-news","25":"tag-noticias","26":"tag-noticias-destacadas","27":"tag-noticiasdestacadas","28":"tag-puente","29":"tag-spain","30":"tag-titulares","31":"tag-tragica","32":"tag-ultimas-noticias","33":"tag-ultimasnoticias"},"share_on_mastodon":{"url":"","error":""},"_links":{"self":[{"href":"https:\/\/www.europesays.com\/es\/wp-json\/wp\/v2\/posts\/67432","targetHints":{"allow":["GET"]}}],"collection":[{"href":"https:\/\/www.europesays.com\/es\/wp-json\/wp\/v2\/posts"}],"about":[{"href":"https:\/\/www.europesays.com\/es\/wp-json\/wp\/v2\/types\/post"}],"author":[{"embeddable":true,"href":"https:\/\/www.europesays.com\/es\/wp-json\/wp\/v2\/users\/2"}],"replies":[{"embeddable":true,"href":"https:\/\/www.europesays.com\/es\/wp-json\/wp\/v2\/comments?post=67432"}],"version-history":[{"count":0,"href":"https:\/\/www.europesays.com\/es\/wp-json\/wp\/v2\/posts\/67432\/revisions"}],"wp:featuredmedia":[{"embeddable":true,"href":"https:\/\/www.europesays.com\/es\/wp-json\/wp\/v2\/media\/67433"}],"wp:attachment":[{"href":"https:\/\/www.europesays.com\/es\/wp-json\/wp\/v2\/media?parent=67432"}],"wp:term":[{"taxonomy":"category","embeddable":true,"href":"https:\/\/www.europesays.com\/es\/wp-json\/wp\/v2\/categories?post=67432"},{"taxonomy":"post_tag","embeddable":true,"href":"https:\/\/www.europesays.com\/es\/wp-json\/wp\/v2\/tags?post=67432"}],"curies":[{"name":"wp","href":"https:\/\/api.w.org\/{rel}","templated":true}]}}