{"id":674937,"date":"2026-07-24T15:29:20","date_gmt":"2026-07-24T15:29:20","guid":{"rendered":"https:\/\/www.europesays.com\/es\/674937\/"},"modified":"2026-07-24T15:29:20","modified_gmt":"2026-07-24T15:29:20","slug":"el-sur-de-madrid-arrasado-por-las-llamas-la-diocesis-de-getafe-acompana-a-los-afectados","status":"publish","type":"post","link":"https:\/\/www.europesays.com\/es\/674937\/","title":{"rendered":"El sur de Madrid, arrasado por las llamas: la di\u00f3cesis de Getafe acompa\u00f1a a los afectados"},"content":{"rendered":"<p class=\"wp-block-paragraph\">El incendio que se origin\u00f3 este pasado mi\u00e9rcoles 22 de julio en el municipio toledano de Almorox ha terminado afectando en pocas horas a varios municipios del suroeste de la comunidad de Madrid al que se ha unido el originado en San Mart\u00edn de Valdeiglesias despu\u00e9s de que un coche empezase a arder en la M-501.<\/p>\n<p class=\"wp-block-paragraph\"><strong>Las llamas han obligado a evacuar a m\u00e1s de 19.000 personas <\/strong>de Aldea del Fresno, Navas del Rey, Chapiner\u00eda, Colmenar del Arroyo, y Pelayos de la Presa, y de distintas zonas de Villa del Prado y de San Mart\u00edn de Valdeiglesias, mientras otros municipios como Rozas de Puerto Real, Cenicientos o Cadalso de los Vidrios permanecen bajo vigilancia.<\/p>\n<p class=\"wp-block-paragraph\">Ante esta emergencia, <strong>sacerdotes y parroquias de la di\u00f3cesis de Getafe se han hecho presentes junto a las comunidades afectadas, acompa\u00f1ando a quienes han tenido que abandonar sus hogares y poni\u00e9ndose al servicio de las personas que m\u00e1s lo necesitan.<\/strong><\/p>\n<p class=\"wp-block-paragraph\">El obispo de la di\u00f3cesis, <strong>Mons. Gin\u00e9s Garc\u00eda Beltr\u00e1n<\/strong>, poco despu\u00e9s de llegar el fuego a Villa del Prado, declar\u00f3 <strong>seguir con preocupaci\u00f3n el incendio que comenz\u00f3 en Almorox (Toledo), obligando a confinar a la poblaci\u00f3n. Adem\u00e1s, ha querido agradecer a los servicios de emergencias el trabajo incansable que est\u00e1n realizando para acabar con el fuego y cuidar a la poblaci\u00f3n.<\/strong><\/p>\n<p class=\"wp-block-paragraph\">Por su parte, el obispo auxiliar de Getafe, <strong>Mons. Jos\u00e9 Mar\u00eda Avenda\u00f1o Perea<\/strong>, <strong>est\u00e1 en contacto con los arciprestes de las zonas afectadas para conocer la evoluci\u00f3n y situaci\u00f3n. Ha contactado tambi\u00e9n con los sacerdotes que atienden las comunidades de Villa del Prado, San Mart\u00edn de Valdeiglesias, Navas del Rey y Pelayos de la Presa,<\/strong>\u00a0los territorios m\u00e1s perjudicados, para <strong>interesarse por la situaci\u00f3n de los vecinos y ponerse a disposici\u00f3n y de todas las personas que pudieran necesitar ayuda.<\/strong><\/p>\n<p class=\"wp-block-paragraph\">El vicario general de la di\u00f3cesis, <strong>Javier Mairata<\/strong>,\u00a0y el vicario de la Caridad,<strong> Aurelio Carrasquilla, han seguido igualmente desde el primer momento la evoluci\u00f3n de los incendios, mostrando su preocupaci\u00f3n por el avance de las llamas, el elevado n\u00famero de vecinos desalojados y los hogares afectados. <\/strong>Permanecen tambi\u00e9n en contacto con los sacerdotes de las localidades afectadas, as\u00ed como de otras zonas lim\u00edtrofes.<\/p>\n<p class=\"wp-block-paragraph\">El <strong>arcipreste de San Mart\u00edn de Valdeiglesias<\/strong> (compuesto por las parroquias de San Mart\u00edn, Navas del Rey, Colmenar del Arroyo, Chapiner\u00eda, Pelayos de la Presa, Cadalso de los Vidrios, Rozas de Puerto Real y Cenicientos) y p\u00e1rroco de Navas del Rey, <strong>Juan Antonio Rodr\u00edguez Beltr\u00e1n<\/strong>, explica que <strong>sacerdotes y parroquias se han puesto a disposici\u00f3n de todos los damnificados, <\/strong>ofreciendo incluso sus propios hogares \u00abpara lo que hiciera falta, desde una ducha hasta una cama\u00bb, con el objetivo de ayudar a quienes han perdido viviendas, lugares de trabajo, veh\u00edculos o bienes personales.<\/p>\n<p class=\"wp-block-paragraph\"><strong>Varios sacerdotes se han desplazado a los puntos habilitados para acoger a los evacuados con el fin de ofrecer acompa\u00f1amiento humano y espiritual.<\/strong><\/p>\n<p><strong>La cercan\u00eda de los p\u00e1rrocos<\/strong><\/p>\n<p class=\"wp-block-paragraph\">En Villa del Prado, el p\u00e1rroco de Santiago Ap\u00f3stol, V\u00edctor Marmolejo, se ha trasladado al polideportivo municipal para acompa\u00f1ar a los m\u00e1s de 300 vecinos acogidos. <strong>\u00abEstoy acompa\u00f1ando a las personas, gestionando la situaci\u00f3n y ayudando en todo lo que se pueda\u00bb, explica el sacerdote, que se\u00f1ala que se han vivido \u00abalgunos momentos dram\u00e1ticos\u00bb.<\/strong><\/p>\n<p class=\"wp-block-paragraph\">En San Mart\u00edn de Valdeiglesias, el p\u00e1rroco Juan Manuel Vivar tambi\u00e9n ha puesto las <strong>instalaciones parroquiales y los recursos de C\u00e1ritas a disposici\u00f3n del Ayuntamiento y de los vecinos, antes de su evacuaci\u00f3n total.<\/strong><\/p>\n<p class=\"wp-block-paragraph\">Adem\u00e1s, est\u00e1 coordinando la colaboraci\u00f3n del Consejo Pastoral y de los distintos grupos parroquiales para responder a las necesidades que puedan surgir. <strong>\u00abUno se siente impotente, pero hay que confiar en Dios. Rezamos y estamos pendientes de todo lo que suceda\u00bb, afirma.<\/strong><\/p>\n<p class=\"wp-block-paragraph\">En Aldea del Fresno, otro de los municipios evacuados, los sacerdotes de la parroquia San Pedro Ap\u00f3stol tambi\u00e9n han tenido que abandonar temporalmente la localidad junto al resto de vecinos, siendo trasladados a Villamanta y otros puntos de acogida como Navalcarnero.<\/p>\n<p><a class=\"entry-lightbox-trigger\" href=\"https:\/\/www.europesays.com\/es\/wp-content\/uploads\/2026\/07\/emergencia-incendio-diocesis-getafe.png\"><img fetchpriority=\"high\" decoding=\"async\" width=\"800\" height=\"500\" src=\"https:\/\/www.europesays.com\/es\/wp-content\/uploads\/2026\/07\/emergencia-incendio-diocesis-getafe.png\" alt=\"\" class=\"wp-image-15357\"  \/><\/a><\/p>\n<p class=\"wp-block-paragraph\">En Rozas de Puerto Real, aunque las llamas no han alcanzado el municipio, la preocupaci\u00f3n permanece. El p\u00e1rroco Eliert Jerez, rector del Seminario Menor, explica la<strong>\u00a0inquietud existente, debida especialmente a la presencia de unas j\u00f3venes que participan de un campamento:<\/strong>\u00a0\u00abLa gente est\u00e1 sufriendo al ver la situaci\u00f3n. Nos duele ver a los ancianos de las residencias desalojados y en los polideportivos. Necesitamos que el fuego se detenga, que todos los operativos est\u00e9n bien y que no haya p\u00e9rdidas de vidas\u00bb.<\/p>\n<p class=\"wp-block-paragraph\"><strong>Tambi\u00e9n municipios como Cenicientos y Cadalso de los Vidrios permanecen atentos a la evoluci\u00f3n de los incendios. <\/strong>El p\u00e1rroco de esta \u00faltima, Cristian Gonz\u00e1lez, manifiesta su intranquilidad ya que la localidad se encuentra rodeada por varios frentes activos: <strong>\u00abEl pueblo est\u00e1 perimetrado, pero estamos rodeados. Se est\u00e1n uniendo los fuegos que nos rodean\u00bb.<\/strong><\/p>\n<p class=\"wp-block-paragraph\">Ante esta situaci\u00f3n, el Ayuntamiento ha preparado espacios de acogida y <strong>la parroquia ha puesto a disposici\u00f3n un peque\u00f1o albergue vinculado al Camino de Santiago para colaborar si fuera necesario.<\/strong><\/p>\n<p class=\"wp-block-paragraph\">Otras localidades, alejadas de los focos del incendio, como Arroyomolinos, Villanueva de la Ca\u00f1ada, Brunete, M\u00f3stoles, Villaviciosa de Od\u00f3n, Alcorc\u00f3n o Legan\u00e9s se est\u00e1n preparando para alojar a los evacuados. En esta \u00faltima localidad los p\u00e1rrocos ya se han puesto en contacto para colaborar en todo lo que sea posible y necesario.<\/p>\n<p><strong>C\u00e1ritas diocesana con los afectados<\/strong><\/p>\n<p class=\"wp-block-paragraph\">Ante esta emergencia C\u00e1ritas diocesana de Getafe tambi\u00e9n se ha <strong>ofrecido a ayudar<\/strong> en todo lo que sea necesario y ha puesto en marcha<strong> la campa\u00f1a \u2018Ayuda para los pueblos afectados por el incendio<\/strong> al suroeste de la Comunidad de Madrid\u2019 habilitando un n\u00famero de <strong>cuenta corriente (ES12 0049 1894 59 2810193167)<\/strong> y de <strong>Bizum (01182)<\/strong> para recoger donativos destinados a este fin.<\/p>\n","protected":false},"excerpt":{"rendered":"El incendio que se origin\u00f3 este pasado mi\u00e9rcoles 22 de julio en el municipio toledano de Almorox ha&hellip;\n","protected":false},"author":2,"featured_media":674938,"comment_status":"","ping_status":"","sticky":false,"template":"","format":"standard","meta":{"footnotes":""},"categories":[5],"tags":[17,18,17385,4576,25,24,13,14,11,19,20,9,10,15,16,14100,23,12,21,22],"class_list":["post-674937","post","type-post","status-publish","format-standard","has-post-thumbnail","category-titulares","tag-breaking-news","tag-breakingnews","tag-caritas","tag-emergencia","tag-es","tag-espana","tag-featured-news","tag-featurednews","tag-headlines","tag-latest-news","tag-latestnews","tag-news","tag-noticias","tag-noticias-destacadas","tag-noticiasdestacadas","tag-solidaridad","tag-spain","tag-titulares","tag-ultimas-noticias","tag-ultimasnoticias"],"share_on_mastodon":{"url":"https:\/\/pubeurope.com\/@es\/116975670430176926","error":""},"_links":{"self":[{"href":"https:\/\/www.europesays.com\/es\/wp-json\/wp\/v2\/posts\/674937","targetHints":{"allow":["GET"]}}],"collection":[{"href":"https:\/\/www.europesays.com\/es\/wp-json\/wp\/v2\/posts"}],"about":[{"href":"https:\/\/www.europesays.com\/es\/wp-json\/wp\/v2\/types\/post"}],"author":[{"embeddable":true,"href":"https:\/\/www.europesays.com\/es\/wp-json\/wp\/v2\/users\/2"}],"replies":[{"embeddable":true,"href":"https:\/\/www.europesays.com\/es\/wp-json\/wp\/v2\/comments?post=674937"}],"version-history":[{"count":0,"href":"https:\/\/www.europesays.com\/es\/wp-json\/wp\/v2\/posts\/674937\/revisions"}],"wp:featuredmedia":[{"embeddable":true,"href":"https:\/\/www.europesays.com\/es\/wp-json\/wp\/v2\/media\/674938"}],"wp:attachment":[{"href":"https:\/\/www.europesays.com\/es\/wp-json\/wp\/v2\/media?parent=674937"}],"wp:term":[{"taxonomy":"category","embeddable":true,"href":"https:\/\/www.europesays.com\/es\/wp-json\/wp\/v2\/categories?post=674937"},{"taxonomy":"post_tag","embeddable":true,"href":"https:\/\/www.europesays.com\/es\/wp-json\/wp\/v2\/tags?post=674937"}],"curies":[{"name":"wp","href":"https:\/\/api.w.org\/{rel}","templated":true}]}}