{"id":67497,"date":"2025-08-23T19:36:16","date_gmt":"2025-08-23T19:36:16","guid":{"rendered":"https:\/\/www.europesays.com\/es\/67497\/"},"modified":"2025-08-23T19:36:16","modified_gmt":"2025-08-23T19:36:16","slug":"fallece-en-soria-uno-de-los-corredores-de-la-vuelta-ciclista-junior-a-la-ribera-del-duero","status":"publish","type":"post","link":"https:\/\/www.europesays.com\/es\/67497\/","title":{"rendered":"Fallece en Soria uno de los corredores de la Vuelta Ciclista Junior a la Ribera del Duero"},"content":{"rendered":"<p class=\"prip\">La organizaci\u00f3n de la prueba, en un escueto comunicado, indica que el tr\u00e1gico suceso se ha producido en el kil\u00f3metro 66, en una etapa que transcurr\u00eda entre Langa de Duero y Vinuesa.<\/p>\n<p class=\"prip\">Durante la etapa reina de la novena edici\u00f3n de la Vuelta Ciclista Junior a la Ribera del Duero, que transcurr\u00eda entre Langa de Duero y la Laguna Negra, ha fallecido uno de los corredores, seg\u00fan ha indicado la organizaci\u00f3n, que no ha revelado la identidad del joven deportista.<\/p>\n<p>El comunicado, escueto, es como sigue:<\/p>\n<p>\u00abLa novena edici\u00f3n de la Vuelta Ciclista Junior a la Ribera del Duero se ha te\u00f1ido de luto tras el fallecimiento de uno de los corredores durante la disputa de la segunda etapa de la ronda. La prueba ha quedado inmediatamente suspendida.<\/p>\n<p>El suceso se ha producido durante la disputa de la segunda etapa, que hab\u00eda salido a las 10.30 horas de la localidad soriana de Langa de Duero y que ten\u00eda que llevar a los corredores hasta la Laguna Negra de Vinuesa despu\u00e9s de 118 kil\u00f3metros. En el kil\u00f3metro 66 de la prueba se ha producido una ca\u00edda en la que se han visto implicados varios deportistas, siendo evacuados al hospital Santa B\u00e1rbara de Soria tres corredores. En el centro sanitario se ha informado del fallecimiento de uno de estos ciclistas.<\/p>\n<p>La organizaci\u00f3n ha trasladado el p\u00e9same a los familiares, compa\u00f1eros de equipo y amigos del deportista fallecido.<\/p>\n<p>En la jornada del domingo, la organizaci\u00f3n de la prueba homenajear\u00e1 al ciclista a las 10.30 horas en la plaza de la Hispanidad de Aranda de Duero (Burgos), invitando a la ciudadan\u00eda a unirse a este acto\u00bb.<\/p>\n<p>El accidente ha sido en Pinar Grande, cerca del Amogable, tras el cruce de la carretera que lleva a este paraje con la N-234, lo que ha llevado a cancelar definitivamente la carrera. En la etapa de hoy, con 117 kil\u00f3metros, part\u00edan de la localidad ribere\u00f1a 154 corredores, algunos de los cuales tambi\u00e9n han resultado heridos en la fat\u00eddica ca\u00edda, seg\u00fan han indicado fuentes de la Subdelegaci\u00f3n del Gobierno, donde han informado que el fallecido ten\u00eda 17 a\u00f1os.<\/p>\n<p>Los deportistas han regresado agrupados a Vinuesa donde han sido recogidos por sus respectivos clubes deportivos para volver a sus lugares de origen.<\/p>\n","protected":false},"excerpt":{"rendered":"La organizaci\u00f3n de la prueba, en un escueto comunicado, indica que el tr\u00e1gico suceso se ha producido en&hellip;\n","protected":false},"author":2,"featured_media":67498,"comment_status":"","ping_status":"","sticky":false,"template":"","format":"standard","meta":{"footnotes":""},"categories":[93],"tags":[168,25,24,6839,18846,18491,23,167,27262],"class_list":{"0":"post-67497","1":"post","2":"type-post","3":"status-publish","4":"format-standard","5":"has-post-thumbnail","7":"category-deportes","8":"tag-deportes","9":"tag-es","10":"tag-espana","11":"tag-la-laguna","12":"tag-laguna-negra","13":"tag-ribera-del-duero","14":"tag-spain","15":"tag-sports","16":"tag-vinuesa"},"share_on_mastodon":{"url":"","error":""},"_links":{"self":[{"href":"https:\/\/www.europesays.com\/es\/wp-json\/wp\/v2\/posts\/67497","targetHints":{"allow":["GET"]}}],"collection":[{"href":"https:\/\/www.europesays.com\/es\/wp-json\/wp\/v2\/posts"}],"about":[{"href":"https:\/\/www.europesays.com\/es\/wp-json\/wp\/v2\/types\/post"}],"author":[{"embeddable":true,"href":"https:\/\/www.europesays.com\/es\/wp-json\/wp\/v2\/users\/2"}],"replies":[{"embeddable":true,"href":"https:\/\/www.europesays.com\/es\/wp-json\/wp\/v2\/comments?post=67497"}],"version-history":[{"count":0,"href":"https:\/\/www.europesays.com\/es\/wp-json\/wp\/v2\/posts\/67497\/revisions"}],"wp:featuredmedia":[{"embeddable":true,"href":"https:\/\/www.europesays.com\/es\/wp-json\/wp\/v2\/media\/67498"}],"wp:attachment":[{"href":"https:\/\/www.europesays.com\/es\/wp-json\/wp\/v2\/media?parent=67497"}],"wp:term":[{"taxonomy":"category","embeddable":true,"href":"https:\/\/www.europesays.com\/es\/wp-json\/wp\/v2\/categories?post=67497"},{"taxonomy":"post_tag","embeddable":true,"href":"https:\/\/www.europesays.com\/es\/wp-json\/wp\/v2\/tags?post=67497"}],"curies":[{"name":"wp","href":"https:\/\/api.w.org\/{rel}","templated":true}]}}