{"id":674988,"date":"2026-07-24T16:12:18","date_gmt":"2026-07-24T16:12:18","guid":{"rendered":"https:\/\/www.europesays.com\/es\/674988\/"},"modified":"2026-07-24T16:12:18","modified_gmt":"2026-07-24T16:12:18","slug":"victoria-con-arte-las-obras-del-museo-del-prado-que-emulan-el-futbol-de-espana-en-el-mundial","status":"publish","type":"post","link":"https:\/\/www.europesays.com\/es\/674988\/","title":{"rendered":"Victoria con arte: las obras del Museo del Prado que emulan el f\u00fatbol de Espa\u00f1a en el Mundial"},"content":{"rendered":"<p class=\"c-paragraph\">El gol de Ferr\u00e1n Torres en el minuto 106 de la pr\u00f3rroga, el tanto que dio a <a href=\"https:\/\/www.heraldo.es\/noticias\/deportes\/futbol\/2026\/07\/24\/pedro-porro-cumple-su-promesa-regala-su-abuelo-medalla-mundial-2026-mision-cumplida-2039707.html\" title=\"Pedro Porro cumple su promesa y regala a su abuelo la medalla del Mundial 2026: &quot;\u00a1Misi\u00f3n cumplida!&quot;\" target=\"_blank\" rel=\"nofollow noopener\">Espa\u00f1a su segundo Mundial, <\/a>ya ocupa un lugar destacado en la memoria del f\u00fatbol espa\u00f1ol. Una acci\u00f3n decisiva que muchos aficionados consideran una aut\u00e9ntica obra de arte y que ha servido de inspiraci\u00f3n al historiador del Arte\u00a0 en el Museo del Prado Carlos G. Navarro para<b> sumarse a la celebraci\u00f3n del t\u00edtulo con una original publicaci\u00f3n que une dos mundos aparentemente distintos: el f\u00fatbol y el arte.<\/b><\/p>\n<p class=\"c-paragraph\">A trav\u00e9s de una publicaci\u00f3n\u00a0 en redes sociales, un especialista art\u00edstico ha recopilado los mejores momentos de la final y las ha<b> comparado con varias de las obras m\u00e1s esc\u00e9nicas y representativas pertenecientes al museo.\u00a0<\/b><\/p>\n<p class=\"c-paragraph\">La publicaci\u00f3n re\u00fane once fotograf\u00edas de momentos vividos durante el encuentro con una selecci\u00f3n de obras expuestas en el museo, estableciendo un curioso di\u00e1logo entre el deporte y el arte. A trav\u00e9s de estas comparaciones, las posturas, expresiones y acciones de los futbolistas encuentran un <b>sorprendente reflejo en algunas de las pinturas m\u00e1s reconocidas <\/b>de la colecci\u00f3n.<\/p>\n<p class=\"c-paragraph\">Entre los paralelismos que m\u00e1s han llamado la atenci\u00f3n destaca el salto de Pau Cubars\u00ed, asociado a La ca\u00edda de \u00cdcaro, de Jacob Peeter Gowy; el intenso duelo de Dani Olmo con un adversario, comparado con Hip\u00f3menes y Atalanta, de Guido Reni; o la charla de Luis de la Fuente con sus jugadores, relacionada con El jard\u00edn de las delicias, de El Bosco. La creatividad de la publicaci\u00f3n llega incluso hasta la celebraci\u00f3n del t\u00edtulo, donde un bodeg\u00f3n de Luis Mel\u00e9ndez, protagonizado por una jarra y un queso, encuentra su particular r\u00e9plica entre las im\u00e1genes del festejo.<\/p>\n<p class=\"c-paragraph\">El contenido no tard\u00f3 en ganar repercusi\u00f3n en redes sociales, donde acumul\u00f3 <b>cientos de reacciones de usuarios que elogiaron el ingenio de las comparaciones y la precisi\u00f3n de las referencias art\u00edsticas.<\/b> La publicaci\u00f3n alcanz\u00f3 tal difusi\u00f3n que el propio Museo del Prado quiso sumarse a la conversaci\u00f3n con un comentario dirigido a su autor: \u00abFant\u00e1stico, @tantalotantalez. Seguro que le gustar\u00e1 a la @sefutbol\u00bb.<\/p>\n","protected":false},"excerpt":{"rendered":"El gol de Ferr\u00e1n Torres en el minuto 106 de la pr\u00f3rroga, el tanto que dio a Espa\u00f1a&hellip;\n","protected":false},"author":2,"featured_media":674989,"comment_status":"","ping_status":"","sticky":false,"template":"","format":"standard","meta":{"footnotes":""},"categories":[91],"tags":[6951,146,147,25,24,1070,470,16126,23],"class_list":["post-674988","post","type-post","status-publish","format-standard","has-post-thumbnail","category-entretenimiento","tag-celebra","tag-entertainment","tag-entretenimiento","tag-es","tag-espana","tag-mundial","tag-museo","tag-prado","tag-spain"],"share_on_mastodon":{"url":"https:\/\/pubeurope.com\/@es\/116975838585093639","error":""},"_links":{"self":[{"href":"https:\/\/www.europesays.com\/es\/wp-json\/wp\/v2\/posts\/674988","targetHints":{"allow":["GET"]}}],"collection":[{"href":"https:\/\/www.europesays.com\/es\/wp-json\/wp\/v2\/posts"}],"about":[{"href":"https:\/\/www.europesays.com\/es\/wp-json\/wp\/v2\/types\/post"}],"author":[{"embeddable":true,"href":"https:\/\/www.europesays.com\/es\/wp-json\/wp\/v2\/users\/2"}],"replies":[{"embeddable":true,"href":"https:\/\/www.europesays.com\/es\/wp-json\/wp\/v2\/comments?post=674988"}],"version-history":[{"count":0,"href":"https:\/\/www.europesays.com\/es\/wp-json\/wp\/v2\/posts\/674988\/revisions"}],"wp:featuredmedia":[{"embeddable":true,"href":"https:\/\/www.europesays.com\/es\/wp-json\/wp\/v2\/media\/674989"}],"wp:attachment":[{"href":"https:\/\/www.europesays.com\/es\/wp-json\/wp\/v2\/media?parent=674988"}],"wp:term":[{"taxonomy":"category","embeddable":true,"href":"https:\/\/www.europesays.com\/es\/wp-json\/wp\/v2\/categories?post=674988"},{"taxonomy":"post_tag","embeddable":true,"href":"https:\/\/www.europesays.com\/es\/wp-json\/wp\/v2\/tags?post=674988"}],"curies":[{"name":"wp","href":"https:\/\/api.w.org\/{rel}","templated":true}]}}