{"id":67511,"date":"2025-08-23T19:44:08","date_gmt":"2025-08-23T19:44:08","guid":{"rendered":"https:\/\/www.europesays.com\/es\/67511\/"},"modified":"2025-08-23T19:44:08","modified_gmt":"2025-08-23T19:44:08","slug":"balonmano-supercopa-galicia-29-34-derrota-del-oar-ante-el-cisne-y-adios-a-la-supercopa-gallega","status":"publish","type":"post","link":"https:\/\/www.europesays.com\/es\/67511\/","title":{"rendered":"BALONMANO SUPERCOPA GALICIA 29-34 | Derrota del OAR ante el Cisne y adi\u00f3s a la Supercopa gallega"},"content":{"rendered":"<p class=\"ft-text\">Amargo sabor de boca para el<strong> OAR Attica 21<\/strong> en el primer test oficial de la temporada. El conjunto coru\u00f1\u00e9s cay\u00f3 en las semifinales de la Copa Galica frente al <strong>Cisne <\/strong>pontevedr\u00e9s (29-34) y puso punto y final a su experiencia en la competici\u00f3n. El duelo, que se disput\u00f3 en el pabell\u00f3n de Novo Mesoiro, tuvo dos partes bastante diferenciadas.<\/p>\n<p class=\"ft-text\">En la primera rein\u00f3 la igualdad. Los dos equipos anularon constantemente los intentos del rival por escaparse en el luminoso, aferrados al empate y todav\u00eda fr\u00edos sobre el parqu\u00e9 coru\u00f1\u00e9s. Pero la segunda se decant\u00f3 para el cuadro visitante. El <strong>Cisne <\/strong>fue el primer contendiente en coger temperatura y subir las pulsaciones. Comenz\u00f3 mejor el segundo tiempo y se puso por delante en los primeros cinco minutos tras la reanudaci\u00f3n. El <strong>OAR<\/strong>, voluntarioso, trat\u00f3 de seguir su ritmo y no baj\u00f3 los brazos, pero los pontevedreses mostraron mayor veteran\u00eda y rodaje para mantener la calma y sellar el marcador final con cinco goles de ventaja. La qu\u00edmica entre <strong>Gabriel Navarro y Rub\u00e9n S\u00e1nchez<\/strong> en la banda derecha oarista fue lo m\u00e1s positivo.<\/p>\n<p class=\"ft-text\">Ambos combinados volver\u00e1n a verse las caras en la primera jornada de la <strong>Divisi\u00f3n de Honor Plata<\/strong>, el 13 de septiembre.<\/p>\n","protected":false},"excerpt":{"rendered":"Amargo sabor de boca para el OAR Attica 21 en el primer test oficial de la temporada. El&hellip;\n","protected":false},"author":2,"featured_media":67512,"comment_status":"","ping_status":"","sticky":false,"template":"","format":"standard","meta":{"footnotes":""},"categories":[278],"tags":[20378,16741,376,12123,168,2244,25,24,375,5967,5972,23,167],"class_list":{"0":"post-67511","1":"post","2":"type-post","3":"status-publish","4":"format-standard","5":"has-post-thumbnail","7":"category-balonmano","8":"tag-20378","9":"tag-16741","10":"tag-balonmano","11":"tag-cisne","12":"tag-deportes","13":"tag-derrota","14":"tag-es","15":"tag-espana","16":"tag-handball","17":"tag-oar","18":"tag-oar-coruna","19":"tag-spain","20":"tag-sports"},"share_on_mastodon":{"url":"","error":""},"_links":{"self":[{"href":"https:\/\/www.europesays.com\/es\/wp-json\/wp\/v2\/posts\/67511","targetHints":{"allow":["GET"]}}],"collection":[{"href":"https:\/\/www.europesays.com\/es\/wp-json\/wp\/v2\/posts"}],"about":[{"href":"https:\/\/www.europesays.com\/es\/wp-json\/wp\/v2\/types\/post"}],"author":[{"embeddable":true,"href":"https:\/\/www.europesays.com\/es\/wp-json\/wp\/v2\/users\/2"}],"replies":[{"embeddable":true,"href":"https:\/\/www.europesays.com\/es\/wp-json\/wp\/v2\/comments?post=67511"}],"version-history":[{"count":0,"href":"https:\/\/www.europesays.com\/es\/wp-json\/wp\/v2\/posts\/67511\/revisions"}],"wp:featuredmedia":[{"embeddable":true,"href":"https:\/\/www.europesays.com\/es\/wp-json\/wp\/v2\/media\/67512"}],"wp:attachment":[{"href":"https:\/\/www.europesays.com\/es\/wp-json\/wp\/v2\/media?parent=67511"}],"wp:term":[{"taxonomy":"category","embeddable":true,"href":"https:\/\/www.europesays.com\/es\/wp-json\/wp\/v2\/categories?post=67511"},{"taxonomy":"post_tag","embeddable":true,"href":"https:\/\/www.europesays.com\/es\/wp-json\/wp\/v2\/tags?post=67511"}],"curies":[{"name":"wp","href":"https:\/\/api.w.org\/{rel}","templated":true}]}}