{"id":67526,"date":"2025-08-23T19:54:23","date_gmt":"2025-08-23T19:54:23","guid":{"rendered":"https:\/\/www.europesays.com\/es\/67526\/"},"modified":"2025-08-23T19:54:23","modified_gmt":"2025-08-23T19:54:23","slug":"un-piso-pequeno-de-55-m%c2%b2-tiene-la-armonia-perfecta-entre-alma-mediterranea-y-estetica-asiatica","status":"publish","type":"post","link":"https:\/\/www.europesays.com\/es\/67526\/","title":{"rendered":"un piso peque\u00f1o de 55 m\u00b2 tiene la armon\u00eda perfecta entre alma mediterr\u00e1nea y est\u00e9tica asi\u00e1tica"},"content":{"rendered":"<p>Los <strong><a href=\"https:\/\/www.revistainteriores.es\/tendencias\/11-pisos-pequenos-2024-mejores-ideas-distribucion-decoracion_10458\" rel=\"nofollow noopener\" target=\"_blank\">pisos peque\u00f1os<\/a><\/strong> tambi\u00e9n pueden ser bonitos y funcionales, y esto es algo que la <a href=\"https:\/\/www.instagram.com\/palomabaustudio\/?hl=es\" rel=\"nofollow noopener\" target=\"_blank\"><strong>arquitecta Paloma Pau<\/strong><\/a> nos ha demostrado con uno de sus \u00faltimos proyectos. Un piso ubicado frente a la playa de Las Marinas, en Denia, que demuestra c\u00f3mo el dise\u00f1o puede convertir <strong>sus 55 metros cuadrados<\/strong> en una experiencia sensorial. La reforma de Mediterrasian, nombre que se le ha dado a este mini apartamento, parte de una idea clara: ordenar lo cotidiano a trav\u00e9s de <strong>la luz y el detalle.<\/strong><\/p>\n<p>Sin modificar en exceso la distribuci\u00f3n original, la intervenci\u00f3n propone una transformaci\u00f3n profunda desde la l\u00f3gica constructiva y visual, corrigiendo <a href=\"https:\/\/www.revistainteriores.es\/casas\/errores-mas-comunes-casas-espanolas-segun-arquitecto-jaime-salva_10224\" rel=\"nofollow noopener\" target=\"_blank\">errores comunes en viviendas convencionales<\/a> y elevando cada rinc\u00f3n a su m\u00e1xima expresi\u00f3n. El estudio valenciano liderado por Bau estructura el proyecto en torno a tres conceptos esenciales &#8211; <strong>equilibrio, orden y materia <\/strong>&#8211; que se traducen en tres materiales aplicados a tres funciones: las piezas de obra como <strong>elementos organizadores del espacio<\/strong>, la<strong> piedra natural<\/strong> para las superficies de uso y la <strong>madera de roble claro<\/strong> para el mobiliario.<\/p>\n<p>A ello se suma una <strong>decoraci\u00f3n cuidada, una paleta neutra y un juego de texturas<\/strong> que refuerzan el di\u00e1logo<strong> entre dos culturas<\/strong>: el <strong>Mediterr\u00e1neo<\/strong>, como origen t\u00e1ctil y luminoso, y lo <strong>asi\u00e1tico<\/strong>, como inspiraci\u00f3n formal y espiritual. A continuaci\u00f3n, desgranamos este proyecto por estancias, para que t\u00fa tambi\u00e9n puedas descubrir su encanto. \u00a1Mira, mira!<\/p>\n<p>\u00a0<\/p>\n<p> <script async src=\"\/\/www.instagram.com\/embed.js\"><\/script><\/p>\n","protected":false},"excerpt":{"rendered":"Los pisos peque\u00f1os tambi\u00e9n pueden ser bonitos y funcionales, y esto es algo que la arquitecta Paloma Pau&hellip;\n","protected":false},"author":2,"featured_media":67527,"comment_status":"","ping_status":"","sticky":false,"template":"","format":"standard","meta":{"footnotes":""},"categories":[173],"tags":[229,233,231,230,232,234,146,147,25,24,23],"class_list":{"0":"post-67526","1":"post","2":"type-post","3":"status-publish","4":"format-standard","5":"has-post-thumbnail","7":"category-arte-y-diseno","8":"tag-arte","9":"tag-arte-y-diseno","10":"tag-arts","11":"tag-arts-and-design","12":"tag-design","13":"tag-diseno","14":"tag-entertainment","15":"tag-entretenimiento","16":"tag-es","17":"tag-espana","18":"tag-spain"},"share_on_mastodon":{"url":"","error":""},"_links":{"self":[{"href":"https:\/\/www.europesays.com\/es\/wp-json\/wp\/v2\/posts\/67526","targetHints":{"allow":["GET"]}}],"collection":[{"href":"https:\/\/www.europesays.com\/es\/wp-json\/wp\/v2\/posts"}],"about":[{"href":"https:\/\/www.europesays.com\/es\/wp-json\/wp\/v2\/types\/post"}],"author":[{"embeddable":true,"href":"https:\/\/www.europesays.com\/es\/wp-json\/wp\/v2\/users\/2"}],"replies":[{"embeddable":true,"href":"https:\/\/www.europesays.com\/es\/wp-json\/wp\/v2\/comments?post=67526"}],"version-history":[{"count":0,"href":"https:\/\/www.europesays.com\/es\/wp-json\/wp\/v2\/posts\/67526\/revisions"}],"wp:featuredmedia":[{"embeddable":true,"href":"https:\/\/www.europesays.com\/es\/wp-json\/wp\/v2\/media\/67527"}],"wp:attachment":[{"href":"https:\/\/www.europesays.com\/es\/wp-json\/wp\/v2\/media?parent=67526"}],"wp:term":[{"taxonomy":"category","embeddable":true,"href":"https:\/\/www.europesays.com\/es\/wp-json\/wp\/v2\/categories?post=67526"},{"taxonomy":"post_tag","embeddable":true,"href":"https:\/\/www.europesays.com\/es\/wp-json\/wp\/v2\/tags?post=67526"}],"curies":[{"name":"wp","href":"https:\/\/api.w.org\/{rel}","templated":true}]}}