{"id":67538,"date":"2025-08-23T20:01:07","date_gmt":"2025-08-23T20:01:07","guid":{"rendered":"https:\/\/www.europesays.com\/es\/67538\/"},"modified":"2025-08-23T20:01:07","modified_gmt":"2025-08-23T20:01:07","slug":"makoke-desconsolada-lo-cuenta-todo-sobre-la-cancelacion-de-su-boda-con-gonzalo-fernandez-ha-sido-un-mazazo","status":"publish","type":"post","link":"https:\/\/www.europesays.com\/es\/67538\/","title":{"rendered":"Makoke, desconsolada, lo cuenta todo sobre la cancelaci\u00f3n de su boda con Gonzalo Fern\u00e1ndez: \u00abHa sido un mazazo\u00bb"},"content":{"rendered":"<p>23\/08\/2025<br \/>\n<br \/><strong><br \/>\nActualizado a las 19:13h.<br \/>\n<\/strong><\/p>\n<p class=\"voc-p\" style=\"\">Ha sido una de las noticias de la semana en la cr\u00f3nica social: la esperada boda entre <a href=\"https:\/\/www.abc.es\/gente\/makoke-emite-comunicado-urgente-tras-cancelar-extremis-20250822130728-vi.html\" target=\"_self\" data-voc-vtm-id=\"in-text-traffic\" title=\"Makoke y el empresario Gonzalo Fern\u00e1ndez\" data-mrf-link=\"www.abc.es\" rel=\"nofollow noopener\">Makoke y el empresario Gonzalo Fern\u00e1ndez<\/a> ha tenido que suspenderse -ellos hablan de <strong>aplazamiento<\/strong>&#8211; por motivos familiares. Ahora la colaboradora de televisi\u00f3n ha pasado por el programa<strong> &#8216;Aires de Fiesta&#8217; para contarlo todo<\/strong> y c\u00f3mo se encuentra. \u00ab<strong>Ha sido un mazazo<\/strong>\u00bb, ha confesado.<\/p>\n<p class=\"voc-p\" style=\"\">La pareja lo ten\u00eda todo ya preparado para el gran acontecimiento. Se iban a casar el pr\u00f3ximo <strong>12 de septiembre en la Hacienda Na Xamena en Ibiza<\/strong>, la isla en la que comenzaron la relaci\u00f3n, rodeados por un centenar de amigos y familiares. Sin embargo, <strong>ha ocurrido algo que nadie esperaba<\/strong> y que ha obligado a suspender la ceremonia.<\/p>\n<p class=\"voc-p\" style=\"\">El programa &#8216;Tarde AR&#8217; anunciaba en la tarde del jueves que el enlace se suspend\u00eda. \u00abTenemos <strong>una mala noticia que no nos hubiera gustado dar<\/strong>, pero Makoke y Gonzalo acaban de cancelar su boda. Se casaban este pr\u00f3ximo mes de septiembre, pero no va a ser. Hemos podido hablar con varias personas de su entorno, que me lo han confirmado. Est\u00e1 todo cancelado\u00bb, afirmaban.<\/p>\n<p>\n\u00abFue una decisi\u00f3n familiar\u00bb\n<\/p>\n<p class=\"voc-p\" style=\"\">Minutos despu\u00e9s aparec\u00eda la propia Makoke para aclarar los motivos de lo que ella misma calific\u00f3 como \u00abcancelaci\u00f3n\u00bb en un primer momento, aunque luego, ante el revuelo causado, se vio obligada a matizar sus palabras. \u00ab<strong>La boda no se cancela, se pospone<\/strong>. El motivo es familiar y de salud. Gonzalo, mi familia y yo estamos m\u00e1s unidos que nunca\u00bb, aclaraba. \u00abPido m\u00e1ximo respeto\u00bb, solicit\u00f3.<\/p>\n<p class=\"voc-p\" style=\"\">Desde entonces, la colaboradora de televisi\u00f3n se ha mantenido en silencio. Hasta ahora, cuando ha aparecido por &#8216;Aires de Fiesta&#8217; <strong>para sentarse al lado de Terelu Campos<\/strong> y ofrecer unas palabras m\u00e1s reposadas sobre c\u00f3mo est\u00e1 llevando todo. Y est\u00e1 destrozada.<\/p>\n<p class=\"voc-p\" style=\"\">\u00ab<strong>No est\u00e1s pasando por un momento f\u00e1cil<\/strong>\u00bb, le ha dicho Terelu Campos. Y ella ha explicado: \u00abS\u00ed, as\u00ed es. Lo conocisteis vosotros y lo conoc\u00ed yo. Yo hasta el jueves no sab\u00eda que la boda no se pod\u00eda celebrar. Despu\u00e9s de la noticia que hemos tenido en mi familia, tuve que cancelar la boda\u00bb.<\/p>\n<p class=\"voc-p\" style=\"\">Makoke ha proseguido su discurso: \u00abFue una decisi\u00f3n familiar. <strong>La consensu\u00e9 con las personas que ten\u00eda que hacerlo<\/strong> y esas personas me dijeron que hiciera lo que quisiera. Ha sido un mazazo. <strong>Hay un problema de salud<\/strong>. Hemos estado en la Cl\u00ednica en la Universidad de Navarra. <strong>Est\u00e1 controlado<\/strong> y esperamos que todo pase de la mejor manera\u00bb, ha dicho sin especificar m\u00e1s sobre el relevante suceso que ha obligado a paralizar la boda.<\/p>\n<p>\nHabr\u00e1 boda&#8230; en 2026\n<\/p>\n<p class=\"voc-p\" style=\"\">\u00abSolo quiero que pase esta pesadilla y que el a\u00f1o que viene, si Dios quiere, podamos celebrar esta boda tan ansiada\u00bb, ha manifestado. Es decir, no habr\u00e1 boda hasta 2026, <strong>aunque la fecha todav\u00eda est\u00e1 por decidir<\/strong>. Son muchas las cosas que hay que mirar para entonces. Pr\u00e1cticamente empezar de cero, y a la espera de que se solucione el suceso familiar que ha obligado a parar el enlace.<\/p>\n<p class=\"voc-p\" style=\"\">Lo primero que hizo Makoke al tomar la decisi\u00f3n fue <strong>avisar a los invitados<\/strong>, ya que el enlace se iba a celebrar en Ibiza, para lo cual se requer\u00eda comprar billetes de avi\u00f3n y hotel. Lo hizo cuando supo \u00abque no ten\u00eda ganas ya de celebrar nada\u00bb porque \u00ab<strong>hasta el martes era la mujer mas feliz del mundo<\/strong>\u00bb. <\/p>\n<p class=\"voc-p\" style=\"\">Respecto a Gonzalo Fern\u00e1ndez, Makoke no ha querido extenderse demasiado y solo ha querido decir que estaba \u00abmuy triste\u00bb, pues ambos \u00ab<strong>est\u00e1bamos muy ilusionados<\/strong>\u00bb. Y ha insistido: \u00abLa boda se pospone. Nos vamos a casar sin lugar a dudas. No tenemos fecha porque no me ha dado tiempo\u00bb.<\/p>\n<p class=\"voc-p\" style=\"\">Es entonces cuando ha ocurrido una de esas sorpresas que da la tele en este tipo de sucesos. De pronto, Terelu Campos interrump\u00eda el discurso para dar entrada ni m\u00e1s ni menos que a Gonzalo Fern\u00e1ndez. El empresario ha hecho en p\u00fablico toda una declaraci\u00f3n de sentimientos: \u00abQue te amo, que muchas gracias por tus palabras y que<strong> nos vamos a casar y que vamos a estar juntos siempre<\/strong>. Tristeza, pero lo primero es la salud. Estamos mas felices que nunca, <strong>mas unidos que nunca<\/strong> y apoy\u00e1ndonos m\u00e1s que nunca\u00bb. Habr\u00e1 boda en 2026.<\/p>\n<p>Reportar un error<\/p>\n","protected":false},"excerpt":{"rendered":"23\/08\/2025 Actualizado a las 19:13h. Ha sido una de las noticias de la semana en la cr\u00f3nica social:&hellip;\n","protected":false},"author":2,"featured_media":67539,"comment_status":"","ping_status":"","sticky":false,"template":"","format":"standard","meta":{"footnotes":""},"categories":[91],"tags":[3158,3306,2196,27272,146,147,25,24,10994,4799,15187,27273,57,23],"class_list":{"0":"post-67538","1":"post","2":"type-post","3":"status-publish","4":"format-standard","5":"has-post-thumbnail","7":"category-entretenimiento","8":"tag-boda","9":"tag-cancelacion","10":"tag-cuenta","11":"tag-desconsolada","12":"tag-entertainment","13":"tag-entretenimiento","14":"tag-es","15":"tag-espana","16":"tag-fernandez","17":"tag-gonzalo","18":"tag-makoke","19":"tag-mazazo","20":"tag-sobre","21":"tag-spain"},"share_on_mastodon":{"url":"","error":""},"_links":{"self":[{"href":"https:\/\/www.europesays.com\/es\/wp-json\/wp\/v2\/posts\/67538","targetHints":{"allow":["GET"]}}],"collection":[{"href":"https:\/\/www.europesays.com\/es\/wp-json\/wp\/v2\/posts"}],"about":[{"href":"https:\/\/www.europesays.com\/es\/wp-json\/wp\/v2\/types\/post"}],"author":[{"embeddable":true,"href":"https:\/\/www.europesays.com\/es\/wp-json\/wp\/v2\/users\/2"}],"replies":[{"embeddable":true,"href":"https:\/\/www.europesays.com\/es\/wp-json\/wp\/v2\/comments?post=67538"}],"version-history":[{"count":0,"href":"https:\/\/www.europesays.com\/es\/wp-json\/wp\/v2\/posts\/67538\/revisions"}],"wp:featuredmedia":[{"embeddable":true,"href":"https:\/\/www.europesays.com\/es\/wp-json\/wp\/v2\/media\/67539"}],"wp:attachment":[{"href":"https:\/\/www.europesays.com\/es\/wp-json\/wp\/v2\/media?parent=67538"}],"wp:term":[{"taxonomy":"category","embeddable":true,"href":"https:\/\/www.europesays.com\/es\/wp-json\/wp\/v2\/categories?post=67538"},{"taxonomy":"post_tag","embeddable":true,"href":"https:\/\/www.europesays.com\/es\/wp-json\/wp\/v2\/tags?post=67538"}],"curies":[{"name":"wp","href":"https:\/\/api.w.org\/{rel}","templated":true}]}}