{"id":67560,"date":"2025-08-23T20:15:10","date_gmt":"2025-08-23T20:15:10","guid":{"rendered":"https:\/\/www.europesays.com\/es\/67560\/"},"modified":"2025-08-23T20:15:10","modified_gmt":"2025-08-23T20:15:10","slug":"estabamos-preparados-por-si-se-daba-la-marcha-de-alex-sala","status":"publish","type":"post","link":"https:\/\/www.europesays.com\/es\/67560\/","title":{"rendered":"Est\u00e1bamos preparados por si se daba la marcha de \u00c1lex Sala"},"content":{"rendered":"<p class=\"article-text\">\n        A pocas horas del estreno liguero del C\u00f3rdoba CF en El Arc\u00e1ngel, los movimientos en el club han sido muy sonados, en gran medida a lo que ata\u00f1e en los despachos. Y es que \u00c1lex Sala parti\u00f3 este viernes hacia Italia, donde parece que va a firmar por el Lecce, un fichaje que, seg\u00fan ha podido saber Cord\u00f3polis, sigue sin firmarse y que <a href=\"https:\/\/cordopolis.eldiario.es\/deportes\/ccf\/cordoba-cf-molesto-lecce-anuncio-unilateral-fichaje-alex-sala_1_12551858.html\" target=\"_blank\" data-mrf-recirculation=\"links-noticia\" class=\"link\" rel=\"nofollow noopener\">ha sido realmente controvertido<\/a>. Sea como sea, en la previa del choque ante la UD Las Palmas, Iv\u00e1n Ania ha reconocido que el mediocentro catal\u00e1n \u201cno va a estar disponible\u201d, aunque subraya que ya \u201cdurante el verano, o incluso cuando acab\u00f3 la temporada pasada, todos pens\u00e1bamos la posibilidad de que pudiera salir\u201d, por lo que \u201cla direcci\u00f3n deportiva se cubri\u00f3 ante esa posibilidad, pensamos que iba a ser en verano, sin tener que empezar la pretemproada, pero surgi\u00f3 ahora en la \u00faltima semana y creo que nos hemos cubierto. Tenemos varios jugadores que pueden sustituir a \u00c1lex Sala\u201d.\n    <\/p>\n<p>    <a href=\"https:\/\/cordopolis.eldiario.es\/cordoba-hoy\/tribunales\/exjugador-cordoba-cf-logra-incapacidad-permanente-total-grave-lesion-jugando-premier-league_1_12505244.html\" data-mrf-recirculation=\"saber-mas\" data-dl-event=\"saber-mas\" rel=\"nofollow noopener\" target=\"_blank\"><\/p>\n<p class=\"know-more__title\">Un exjugador del C\u00f3rdoba CF logra la incapacidad permanente total tras una grave lesi\u00f3n jugando en la Premier League<\/p>\n<p>            <img decoding=\"async\" class=\"lazy\" loading=\"lazy\" data-src=\"https:\/\/static.eldiario.es\/clip\/85f17722-30a5-4295-9074-0a4a27a218c0_16-9-aspect-ratio_default_0.jpg\" src=\"data:image\/svg+xml,%3Csvg xmlns=\" http:=\"\" viewbox=\"0 0 880 495\" alt=\"Un exjugador del C\u00f3rdoba CF logra la incapacidad permanente total tras una grave lesi\u00f3n jugando en la Premier League\"\/><\/p>\n<p>                        <\/a><\/p>\n<p class=\"article-text\">\n        Y es que el t\u00e9cnico blanquiverde ha sido franco ante la situaci\u00f3n, hablando muy claro y subrayando que \u201ces un orgullo que equipos extranjeros, o de superiores categor\u00edas, se fijen en jugadores de nuestro equipo\u201d, pues \u201ceso habla de que las cosas se est\u00e1n haciendo bien, que son atractivos para otros clubes\u201d y \u201ctambi\u00e9n manda un mensaje a jugadores que puedan venir, que crecen aqu\u00ed y que pueden tener un futuro o bien aqu\u00ed o en otro club de superior categor\u00eda\u201d. Sea como sea, \u201cest\u00e1bamos preparados por si esta situaci\u00f3n se pudiera dar y tenemos alternativas\u201d, ha insistido Ania, quien \u201cpensaba que no iba a estar a principios de verano\u201d, pero \u201csigui\u00f3 en el club, hizo pretemporada y decidimos que jugara titular la primera jornada porque realmente \u00e9l estaba centrado aqu\u00ed, pero surgi\u00f3 esta posibilidad nueva\u201d. As\u00ed, ha precisado que futbolistas como Pedro, Theo, Requena, Alberto del Moral, Isma, incluso Dalisson o Jacobo, pueden sustituir a Sala.\n    <\/p>\n<p>    Rub\u00e9n Alves, otra baja muy preocupante <\/p>\n<p class=\"article-text\">\n        Es seguro que Ania tendr\u00e1 que hacer, como m\u00ednimo, dos variantes con respecto al once que parti\u00f3 de inicio en Gij\u00f3n. Adem\u00e1s de \u00c1lex Sala, el preparador cordobesista tambi\u00e9n ha admitido que \u201cRub\u00e9n no va a estar disponible\u201d, junto a \u201cAdilson, que es baja de larga duraci\u00f3n\u201d. Igualmente, otra baja asegurada es la de Dalisson, mientras que \u201ctenemos alguno que estamos pendiente de si va a llegar o no\u201d. Es el caso de Diego Bri, quien \u201ctiene un problema en la espalda que le repercute en el tren inferior\u201d, ha precisado.\n    <\/p>\n<p class=\"article-text\">\n        Sobre el central, Ania lamenta que \u201clleva muchas lesiones consecutivas en una zona muy similar, no est\u00e1 c\u00f3modo, no puede tener una continuidad en entrenamientos, en partidos\u201d, por lo que \u201ctendremos que ver c\u00f3mo solucionar esa situaci\u00f3n, estar\u00e1 parado hasta que est\u00e9 bien f\u00edsicamente y se encuentre con la confianza suficiente para competir\u201d y \u201cesperemos que sea algo pasajero, que no sea tan larga como la de Mati o la de Adri Castellano, adem\u00e1s est\u00e1n siendo todas en el mismo puesto\u201d.\n    <\/p>\n<p>    Errores en defensa a solucionar ante Las Palmas<\/p>\n<p class=\"article-text\">\n        El encuentro en El Molin\u00f3n estuvo marcado para el C\u00f3rdoba CF por dos \u201cfallos de concentraci\u00f3n\u201d, los cuales los \u201cvimos al d\u00eda siguiente, son faltas de concentraci\u00f3n que no se pueden dar en ning\u00fan momento y nos costaron los puntos\u201d, aunque \u201cen ese partido en Gij\u00f3n hicimos muchas cosas bien, hay que sacar conclusiones positivas y trabajar para no cometer otra vez esos errores y crecer\u201d, ha explicado el t\u00e9cnico, quien subraya que los suyos hicieron \u201cmuchas cosas bien y si alguien hab\u00eda merecedor de ganar el partido \u00e9ramos nosotros, pero esos dos despistes defensivos en dos saques de banda nos hicieron que perdi\u00e9ramos los puntos\u201d.\n    <\/p>\n<p class=\"article-text\">\n        As\u00ed, habr\u00e1 que evitar eso ante un potente conjunto canario. \u201cLas temporadas son distintas, lo de la temporada pasada no tiene nada que ver en esta. Tenemos muchos jugadores nuevos, tenemos un rival reci\u00e9n descendido, que mantiene jugadores, pero tiene que adaptarse a la categor\u00eda. Todav\u00eda no lo hemos visto como visitante, aunque s\u00e9 que su entrenador dijo que iban a ser muy parecidos a como locales\u201d y \u201cel que sea capaz de apropiarse del bal\u00f3n, tendr\u00e1 muchas opciones en el partido\u201d, ha apostillado.\n    <\/p>\n","protected":false},"excerpt":{"rendered":"A pocas horas del estreno liguero del C\u00f3rdoba CF en El Arc\u00e1ngel, los movimientos en el club han&hellip;\n","protected":false},"author":2,"featured_media":67561,"comment_status":"","ping_status":"","sticky":false,"template":"","format":"standard","meta":{"footnotes":""},"categories":[268],"tags":[2865,8459,372,168,25,24,27277,280,282,4358,3402,27278,3932,688,281,23,167],"class_list":{"0":"post-67560","1":"post","2":"type-post","3":"status-publish","4":"format-standard","5":"has-post-thumbnail","7":"category-futbol","8":"tag-alex","9":"tag-ania","10":"tag-daba","11":"tag-deportes","12":"tag-es","13":"tag-espana","14":"tag-estababamos","15":"tag-football","16":"tag-futbol","17":"tag-ivan","18":"tag-marcha","19":"tag-preparados","20":"tag-sala","21":"tag-si","22":"tag-soccer","23":"tag-spain","24":"tag-sports"},"share_on_mastodon":{"url":"","error":""},"_links":{"self":[{"href":"https:\/\/www.europesays.com\/es\/wp-json\/wp\/v2\/posts\/67560","targetHints":{"allow":["GET"]}}],"collection":[{"href":"https:\/\/www.europesays.com\/es\/wp-json\/wp\/v2\/posts"}],"about":[{"href":"https:\/\/www.europesays.com\/es\/wp-json\/wp\/v2\/types\/post"}],"author":[{"embeddable":true,"href":"https:\/\/www.europesays.com\/es\/wp-json\/wp\/v2\/users\/2"}],"replies":[{"embeddable":true,"href":"https:\/\/www.europesays.com\/es\/wp-json\/wp\/v2\/comments?post=67560"}],"version-history":[{"count":0,"href":"https:\/\/www.europesays.com\/es\/wp-json\/wp\/v2\/posts\/67560\/revisions"}],"wp:featuredmedia":[{"embeddable":true,"href":"https:\/\/www.europesays.com\/es\/wp-json\/wp\/v2\/media\/67561"}],"wp:attachment":[{"href":"https:\/\/www.europesays.com\/es\/wp-json\/wp\/v2\/media?parent=67560"}],"wp:term":[{"taxonomy":"category","embeddable":true,"href":"https:\/\/www.europesays.com\/es\/wp-json\/wp\/v2\/categories?post=67560"},{"taxonomy":"post_tag","embeddable":true,"href":"https:\/\/www.europesays.com\/es\/wp-json\/wp\/v2\/tags?post=67560"}],"curies":[{"name":"wp","href":"https:\/\/api.w.org\/{rel}","templated":true}]}}