{"id":67566,"date":"2025-08-23T20:21:08","date_gmt":"2025-08-23T20:21:08","guid":{"rendered":"https:\/\/www.europesays.com\/es\/67566\/"},"modified":"2025-08-23T20:21:08","modified_gmt":"2025-08-23T20:21:08","slug":"asi-es-la-romeria-la-nueva-pelicula-de-carla-simon-un-homenaje-a-la-memoria-familiar","status":"publish","type":"post","link":"https:\/\/www.europesays.com\/es\/67566\/","title":{"rendered":"As\u00ed es &#8216;La romer\u00eda&#8217;, la nueva pel\u00edcula de Carla Sim\u00f3n, un homenaje a la memoria familiar"},"content":{"rendered":"<p data-journey-content=\"true\" data-node-id=\"2\" class=\"css-i9p093 emevuu60\">Con <strong data-node-id=\"2.1\">&#8216;Estiu 1993&#8217;<\/strong> se dio a conocer para el gran p\u00fablico ganando el Goya a la Mejor Direcci\u00f3n Novel; con <strong data-node-id=\"2.3\">&#8216;Alcarr\u00e0s&#8217;<\/strong>, gan\u00f3 el Oso de Oro en Berl\u00edn y fue seleccionada por la Academia para competir en los Oscar: ahora, la cineasta <strong data-node-id=\"2.5\"><a href=\"https:\/\/www.elle.com\/es\/living\/ocio-cultura\/a41078867\/carta-a-mi-madre-para-mi-hijo-carla-simon-cortometraje\/\" data-vars-ga-outbound-link=\"https:\/\/www.elle.com\/es\/living\/ocio-cultura\/a41078867\/carta-a-mi-madre-para-mi-hijo-carla-simon-cortometraje\/\" data-vars-ga-ux-element=\"Hyperlink\" data-vars-ga-call-to-action=\"Carla Sim\u00f3n\" data-node-id=\"2.5.0\" class=\"body-link css-103hk4r emevuu60\" rel=\"nofollow noopener\" target=\"_blank\">Carla Sim\u00f3n<\/a><\/strong> ha puesto el hype en lo m\u00e1s alto con <strong data-node-id=\"2.9\">&#8216;Romer\u00eda&#8217;, su tercer largometraje, que compiti\u00f3 en el Festival de Cine de Cannes y que llegar\u00e1 a los cines espa\u00f1oles el 5 de septiembre. <\/strong><\/p>\n<p data-journey-content=\"true\" data-node-id=\"3\" class=\"css-i9p093 emevuu60\">Rodada en diferentes localizaciones de Vigo, la directora catalana <strong data-node-id=\"3.1\">retoma uno de sus temas habituales, las relaciones familiares, en una historia inspirada en los or\u00edgenes de su familia biol\u00f3gica paterna.<\/strong> Como siempre, Sim\u00f3n tira de rostros desconocidos para &#8216;Romer\u00eda&#8217;, una pel\u00edcula protagonizada por la debutante <strong data-node-id=\"3.3\">Ll\u00facia Garcia Torras y Mitch, pero al que se suma el siempre estupendo Trist\u00e1n Ulloa<\/strong> (&#8216;Abre los ojos&#8217;, &#8216;Luc\u00eda y el sexo&#8217;, <a href=\"https:\/\/www.elle.com\/es\/living\/ocio-cultura\/a60631917\/el-caso-asunta-que-paso-con-padres-rosario-porto-alfonso-basterra-serie-netflix\/\" data-vars-ga-outbound-link=\"https:\/\/www.elle.com\/es\/living\/ocio-cultura\/a60631917\/el-caso-asunta-que-paso-con-padres-rosario-porto-alfonso-basterra-serie-netflix\/\" data-vars-ga-ux-element=\"Hyperlink\" data-vars-ga-call-to-action=\"&#039;El caso Asunta&#039;\" data-node-id=\"3.5\" class=\"body-link css-103hk4r emevuu60\" rel=\"nofollow noopener\" target=\"_blank\">&#8216;El caso Asunta&#8217;<\/a>).<\/p>\n<p data-journey-content=\"true\" data-node-id=\"4\" class=\"css-i9p093 emevuu60\">&#8216;Romer\u00eda&#8217; nos presenta <strong data-node-id=\"4.1\">a Marina, una joven de 18 a\u00f1os, adoptada desde muy peque\u00f1a, que viaja a Vigo para encontrarse por primera vez con la familia de su padre biol\u00f3gico.<\/strong> Su llegada trae de vuelta un pasado ya enterrado. Guiada por el diario de su madre y a trav\u00e9s de una conexi\u00f3n especial con su nuevo primo, Marina d<strong data-node-id=\"4.3\">escubrir\u00e1 las heridas familiares<\/strong> y podr\u00e1 por fin revivir la memoria fragmentada de unos padres de los que apenas tiene recuerdos.<\/p>\n<p><img draggable=\"true\" alt=\"romeria pelicula carla sim\u00f3n\" title=\"Romeria pelicula carla simon\" loading=\"lazy\" width=\"1900\" height=\"1267\" decoding=\"async\" data-nimg=\"1\" style=\"color:transparent;width:100%;height:auto;\"   src=\"https:\/\/www.europesays.com\/es\/wp-content\/uploads\/2025\/08\/romeri-a-c-quimvives-elasticafilms-5-689cb90caba23.jpg\" class=\"css-0 e1g79fud0\"\/><a target=\"_blank\" rel=\"noopener nofollow\" data-theme-key=\"base-link\" href=\"https:\/\/pinterest.com\/pin\/create\/button\/?url=https:\/\/www.elle.com\/es\/living\/ocio-cultura\/a65677746\/la-romeria-pelicula-carla-simon\/&amp;description=- ElleSpain&amp;media=https:\/\/hips.hearstapps.com\/hmg-prod\/images\/romeri-a-c-quimvives-elasticafilms-5-689cb90caba23.jpg?resize=1600:*\" class=\"pinterest css-on9hn5 e1c1bym14\"><img decoding=\"async\" data-dynamic-svg=\"true\" src=\"https:\/\/www.elle.com\/_assets\/design-tokens\/fre\/static\/icons\/social\/pinterest.e8cf655.svg?primary=%2523ffffff\" loading=\"lazy\" data-testid=\"dynamic-svg-base\" height=\"auto\" width=\"auto\" alt=\"pinterest\" class=\"css-4lml0h e1mlxuuw1\"\/><\/a><\/p>\n<p>Quim Vives \/ Elastica Films<\/p>\n<p data-journey-content=\"true\" data-node-id=\"7\" class=\"css-i9p093 emevuu60\">En palabras de Carla Sim\u00f3n, \u00ab&#8216;Romer\u00eda&#8217; es una pel\u00edcula sobre la memoria, los momentos familiares esquivos que tal vez nunca comprendamos del todo. <strong data-node-id=\"7.1\">Intent\u00e9 reconstruir la historia de mis padres a trav\u00e9s de los recuerdos de mi familia<\/strong> y de quienes los conocieron, pero fracas\u00e9. La naturaleza inherentemente fragmentada de la memoria juega un papel importante, pero el principal obst\u00e1culo es el estigma que rodea al SIDA, que nubla estos recuerdos. \u00bfPodemos fabricar nuestros propios recuerdos cuando no existe ninguno? <strong data-node-id=\"7.3\">Esta historia pretende recuperar el legado de una generaci\u00f3n olvidada que sufri\u00f3 la doble consecuencia de la adicci\u00f3n a la hero\u00edna y la aparici\u00f3n de un nuevo virus.<\/strong> Esta es una parte de la memoria hist\u00f3rica de Espa\u00f1a que merece ser revisada\u00bb.<\/p>\n<p data-journey-content=\"true\" data-node-id=\"8\" class=\"css-i9p093 emevuu60\">Hay muchas, muchas ganas de ver la nueva pel\u00edcula de Carla Sim\u00f3n, que <a href=\"https:\/\/www.fotogramas.es\/peliculas-criticas\/a64846657\/romeria-critica-pelicula-carla-simon\/\" data-vars-ga-outbound-link=\"https:\/\/www.fotogramas.es\/peliculas-criticas\/a64846657\/romeria-critica-pelicula-carla-simon\/\" data-vars-ga-ux-element=\"Hyperlink\" data-vars-ga-call-to-action=\"&#039;Fotogramas\" data-node-id=\"8.1\" class=\"body-link css-103hk4r emevuu60\" rel=\"nofollow noopener\" target=\"_blank\">&#8216;Fotogramas<\/a>&#8216; consider\u00f3 en su cr\u00edtica de Cannes como la mejor pel\u00edcula hasta la fecha de la cineasta. Si \u2018Romer\u00eda\u2019 puede considerarse <strong data-node-id=\"8.3\">el mejor largometraje de Sim\u00f3n<\/strong> es por los peque\u00f1os milagros que afloran en su tratamiento impuro de la ficci\u00f3n. En t\u00e9rminos cin\u00e9filos, impacta ver c\u00f3mo, a trav\u00e9s de su brecha central, <strong data-node-id=\"8.5\">\u2018Romer\u00eda\u2019 viaja de la oscuridad burguesa que retrat\u00f3 Carlos Saura en los a\u00f1os 60 y 70 a las andanadas quinquis de \u2018Deprisa, deprisa\u2019<\/strong>, que dirigi\u00f3 el propio cineasta oscense en 1981&#8243;, podemos leer en su cr\u00edtica.<\/p>\n<p><img draggable=\"true\" alt=\"romeria pelicula carla sim\u00f3n\" title=\"Romeria pelicula Carla Sim\u00f3n\" loading=\"lazy\" width=\"2000\" height=\"1334\" decoding=\"async\" data-nimg=\"1\" style=\"color:transparent;width:100%;height:auto;\"   src=\"https:\/\/www.europesays.com\/es\/wp-content\/uploads\/2025\/08\/romeri-a-c-quimvives-elasticafilms-main-photo-689cba0003fda.jpg\" class=\"css-0 e1g79fud0\"\/><a target=\"_blank\" rel=\"noopener nofollow\" data-theme-key=\"base-link\" href=\"https:\/\/pinterest.com\/pin\/create\/button\/?url=https:\/\/www.elle.com\/es\/living\/ocio-cultura\/a65677746\/la-romeria-pelicula-carla-simon\/&amp;description=- ElleSpain&amp;media=https:\/\/hips.hearstapps.com\/hmg-prod\/images\/romeri-a-c-quimvives-elasticafilms-main-photo-689cba0003fda.jpg?resize=1600:*\" class=\"pinterest css-on9hn5 e1c1bym14\"><img decoding=\"async\" data-dynamic-svg=\"true\" src=\"https:\/\/www.elle.com\/_assets\/design-tokens\/fre\/static\/icons\/social\/pinterest.e8cf655.svg?primary=%2523ffffff\" loading=\"lazy\" data-testid=\"dynamic-svg-base\" height=\"auto\" width=\"auto\" alt=\"pinterest\" class=\"css-4lml0h e1mlxuuw1\"\/><\/a><\/p>\n<p>Quim Vives \/ Elastica Films<\/p>\n<p data-journey-content=\"true\" data-node-id=\"10\" class=\"css-i9p093 emevuu60\">Que Carlos Saura es una de las grandes fuentes del cine de Carla Sim\u00f3n se puede ver en sus anteriores pel\u00edculas, &#8216;Alcarr\u00e0s&#8217; y, sobre todo, la textura y el tempo de &#8216;Estiu 1993&#8217;. <strong data-node-id=\"10.1\">Esperemos que el ojo de la catalana, tan h\u00e1bil en la transmisi\u00f3n de historias a trav\u00e9s de vi\u00f1etas mudas, en las que los personajes hablan con las miradas y la historia se cuenta mediante sonidos, siga bien afinado.<\/strong>  <\/p>\n<p><img src=\"https:\/\/www.europesays.com\/es\/wp-content\/uploads\/2025\/08\/1755980468_482_b1a4d5e6-08b9-4f30-abc3-fb139534505c_1547635299.file\" alt=\"Headshot of Bego\u00f1a Alonso\" title=\"Headshot of Bego\u00f1a Alonso\" width=\"100%\" height=\"100%\" decoding=\"async\" loading=\"lazy\" class=\"css-o0wq4v ev8dhu53\"\/><\/p>\n<p>Bego\u00f1a Alonso es experta en ocio, cultura y estilo de vida, coordinando la secci\u00f3n de Living en Elle.es desde hace m\u00e1s de seis a\u00f1os. Llevar la secci\u00f3n de Living supone que lo mismo escribe un reportaje sobre las mejores series de terror de Netflix, que un art\u00edculo de viajes y lunas de miel, un perfil de una activista feminista o un listado de los mejores libros de la historia que tienes que leer.\u00a0<\/p>\n<p>Siempre suele decir que la vida no le da para todo: libros, agenda, m\u00fasica, ocio, cine, series, plataformas de streaming (Netflix, Amazon, HBO, Disney+, Filmin, Movistar+, Apple TV+\u2026), maternidad, televisi\u00f3n, feminismo, viajes, cultura, \u2018lifestyle\u2019, motor, tecnolog\u00eda\u2026 Pero es capaz de llegar a todas partes para ofrecer siempre los contenidos m\u00e1s actuales e interesantes.\u00a0<\/p>\n<p>Bego\u00f1a Alonso se licenci\u00f3 en 1999 en Periodismo en la Universidad Complutense de Madrid, pero cuenta casi con 30 a\u00f1os de experiencia en la profesi\u00f3n. Se estren\u00f3 en medios locales como Huelva Informaci\u00f3n o Las Provincias, pas\u00f3 por radios vecinales haciendo programas de cine y luego aterriz\u00f3 en el mundo del papel, en medios como La Raz\u00f3n, Maxim o Reporter.\u00a0<\/p>\n<p>Tras 9 a\u00f1os dedicada al \u2018branded content\u2019, Bego\u00f1a lleva una d\u00e9cada en ELLE, el mismo tiempo que ha transcurrido desde que consiguiera el Premio 20 Blogs por \u2018The Best of the 80s\u2019, un blog de m\u00fasica de los 80, una de sus pasiones. Tambi\u00e9n adora las pel\u00edculas de boda y se pasa m\u00e1s tiempo planificando viajes que llev\u00e1ndolos a cabo, pero eso es otra historia. \u00a0<\/p>\n","protected":false},"excerpt":{"rendered":"Con &#8216;Estiu 1993&#8217; se dio a conocer para el gran p\u00fablico ganando el Goya a la Mejor Direcci\u00f3n&hellip;\n","protected":false},"author":2,"featured_media":67567,"comment_status":"","ping_status":"","sticky":false,"template":"","format":"standard","meta":{"footnotes":""},"categories":[169],"tags":[177,1180,146,147,25,24,176,175,23],"class_list":{"0":"post-67566","1":"post","2":"type-post","3":"status-publish","4":"format-standard","5":"has-post-thumbnail","7":"category-cine","8":"tag-cine","9":"tag-editorial","10":"tag-entertainment","11":"tag-entretenimiento","12":"tag-es","13":"tag-espana","14":"tag-film","15":"tag-movies","16":"tag-spain"},"share_on_mastodon":{"url":"","error":""},"_links":{"self":[{"href":"https:\/\/www.europesays.com\/es\/wp-json\/wp\/v2\/posts\/67566","targetHints":{"allow":["GET"]}}],"collection":[{"href":"https:\/\/www.europesays.com\/es\/wp-json\/wp\/v2\/posts"}],"about":[{"href":"https:\/\/www.europesays.com\/es\/wp-json\/wp\/v2\/types\/post"}],"author":[{"embeddable":true,"href":"https:\/\/www.europesays.com\/es\/wp-json\/wp\/v2\/users\/2"}],"replies":[{"embeddable":true,"href":"https:\/\/www.europesays.com\/es\/wp-json\/wp\/v2\/comments?post=67566"}],"version-history":[{"count":0,"href":"https:\/\/www.europesays.com\/es\/wp-json\/wp\/v2\/posts\/67566\/revisions"}],"wp:featuredmedia":[{"embeddable":true,"href":"https:\/\/www.europesays.com\/es\/wp-json\/wp\/v2\/media\/67567"}],"wp:attachment":[{"href":"https:\/\/www.europesays.com\/es\/wp-json\/wp\/v2\/media?parent=67566"}],"wp:term":[{"taxonomy":"category","embeddable":true,"href":"https:\/\/www.europesays.com\/es\/wp-json\/wp\/v2\/categories?post=67566"},{"taxonomy":"post_tag","embeddable":true,"href":"https:\/\/www.europesays.com\/es\/wp-json\/wp\/v2\/tags?post=67566"}],"curies":[{"name":"wp","href":"https:\/\/api.w.org\/{rel}","templated":true}]}}