{"id":675664,"date":"2026-07-25T01:48:12","date_gmt":"2026-07-25T01:48:12","guid":{"rendered":"https:\/\/www.europesays.com\/es\/675664\/"},"modified":"2026-07-25T01:48:12","modified_gmt":"2026-07-25T01:48:12","slug":"el-real-madrid-renueva-al-inagotable-sergio-llull-que-cumplira-20-anos-de-blanco-baloncesto-deportes","status":"publish","type":"post","link":"https:\/\/www.europesays.com\/es\/675664\/","title":{"rendered":"El Real Madrid renueva al inagotable Sergio Llull, que cumplir\u00e1 20 a\u00f1os de blanco | Baloncesto | Deportes"},"content":{"rendered":"<p class=\"\">Vislumbrando un futuro cambiante, de inminente renovaci\u00f3n, el Real Madrid de baloncesto ha hecho una excepci\u00f3n este viernes para reforzar el f\u00e9rreo v\u00ednculo que le une desde hace dos d\u00e9cadas con <a href=\"https:\/\/elpais.com\/deportes\/baloncesto\/2025-01-03\/sergio-llull-el-heroe-sonado.html\" target=\"_self\" rel=\"nofollow noopener\" title=\"https:\/\/elpais.com\/deportes\/baloncesto\/2025-01-03\/sergio-llull-el-heroe-sonado.html\">su capit\u00e1n, Sergio Llull<\/a>, que a los 38 a\u00f1os \u2014ser\u00e1n 39 en noviembre\u2014 seguir\u00e1 vistiendo de blanco una temporada m\u00e1s. Otras leyendas madridistas como Fernando Romay, Juan Antonio Corbal\u00e1n, Rafa Rull\u00e1n, Wayne Brabender, Alberto Herreros o Sergio Rodr\u00edguez dejaron el club antes de alcanzar esa edad. La realidad, no obstante, luce distinta cuando se trata del escolta de Mah\u00f3n, el jugador con m\u00e1s partidos en la historia de la secci\u00f3n: 1.249 desde el ya lejano debut ante el Valencia en los playoffs de la ACB de 2007.<\/p>\n<p>M\u00e1s informaci\u00f3n<\/p>\n<p class=\"\">Volcadas ahora las esperanzas del club en <a href=\"https:\/\/elpais.com\/deportes\/baloncesto\/2026-07-06\/el-real-madrid-ficha-a-pedro-martinez-como-nuevo-entrenador.html\" target=\"_self\" rel=\"nofollow noopener\" title=\"https:\/\/elpais.com\/deportes\/baloncesto\/2026-07-06\/el-real-madrid-ficha-a-pedro-martinez-como-nuevo-entrenador.html\">Pedro Mart\u00ednez, director de la orquesta blanca tras la abrupta salida de Sergio Scariolo<\/a>, el Madrid ya ha cerrado tres incorporaciones para el inicio del curso: Jaime Pradilla, Thimot\u00e9 Luwawu-Cabarrot y Mikael Jantunen. El t\u00e9cnico barcelon\u00e9s, reconocido como el mejor de la Euroliga tras hacer las delicias del Roig Arena durante las dos \u00faltimas campa\u00f1as, refuerza con la continuidad de Llull un juego exterior que se ver\u00e1 mermado por la m\u00e1s que probable salida de Mario Hezonja, quien en las \u00faltimas horas se ha alejado del Palacio de Goya guiado por las directrices de su agente, el serbio Misko Raznatovic.<\/p>\n<p class=\"\">Resuelta la renovaci\u00f3n, Llull afronta ahora su 21\u00aa temporada de blanco con una jugosa lista de r\u00e9cords al alcance de la mano. El m\u00e1s dif\u00edcil, pero a su vez el m\u00e1s codiciado, es el de convertirse en el jugador del Real Madrid, ya sea de f\u00fatbol o de baloncesto, con m\u00e1s t\u00edtulos de la historia. El balear es cuarto en la tabla con 29 trofeos (tres Copas de Europa, una Intercontinental, nueve Ligas, siete Copas del Rey y nueve Supercopas de Espa\u00f1a), solo por detr\u00e1s de Clifford Luyk (33 t\u00edtulos), Rafa Rull\u00e1n (31) y Juan Antonio Corbal\u00e1n (31). Por detr\u00e1s quedaron ya <a href=\"https:\/\/elpais.com\/deportes\/futbol\/2025-05-24\/el-adios-de-los-adioses-de-modric-y-ancelotti-en-el-bernabeu.html\" target=\"_self\" rel=\"nofollow noopener\" title=\"https:\/\/elpais.com\/deportes\/futbol\/2025-05-24\/el-adios-de-los-adioses-de-modric-y-ancelotti-en-el-bernabeu.html\">Luka Modric<\/a> (28), Wayne Brabender (28) y Dani Carvajal (27).<\/p>\n<blockquote class=\"twitter-tweet\">\n<p lang=\"es\" dir=\"ltr\">Si al chico de la foto, en su primer d\u00eda como jugador del Real Madrid, le hubiesen dicho que, alg\u00fan tiempo despu\u00e9s, renovar\u00eda para disputar su temporada n\u00famero 21 con el mejor club del mundo, probablemente no se lo hubiese cre\u00eddo. O si. \ud83d\ude09\ud83e\udd0d\ud83c\udfc0<br \/>Seguimos. <a href=\"https:\/\/x.com\/hashtag\/Halamadrid?src=hash&amp;ref_src=twsrc%5Etfw\" rel=\"nofollow\">#Halamadrid<\/a> <a href=\"https:\/\/x.com\/hashtag\/Llull2027?src=hash&amp;ref_src=twsrc%5Etfw\" rel=\"nofollow\">#Llull2027<\/a> <a href=\"https:\/\/t.co\/Q72dAmY4bs\" rel=\"nofollow\">pic.twitter.com\/Q72dAmY4bs<\/a><\/p>\n<p>\u2014 Sergio Llull (@23Llull) <a href=\"https:\/\/x.com\/23Llull\/status\/2080652724761157961?ref_src=twsrc%5Etfw\" rel=\"nofollow\">July 24, 2026<\/a><\/p><\/blockquote>\n<p class=\"\">\u201cSi al chico de la foto, en su primer d\u00eda como jugador del Real Madrid, le hubiesen dicho que un tiempo despu\u00e9s renovar\u00eda para disputar su 21\u00aa temporada con el mejor club del mundo, probablemente no se lo hubiese cre\u00eddo\u201d, ha asegurado este viernes el propio Llull con un tuit en el que adjuntaba una imagen de 2007, cuando lleg\u00f3 a la capital procedente del B\u00e0squet Manresa, equipo con el que hab\u00eda debutado dos a\u00f1os antes en la ACB.<\/p>\n<p>El Madrid se queda con Eli Ndiaye<\/p>\n<p class=\"\">Adem\u00e1s de renovar al autor de algunas de las canastas m\u00e1s decisivas de su historia reciente, el Madrid ha decidido retener al interior Eli John Ndiaye, que vol\u00f3 del nido blanco hace un a\u00f1o rumbo a Estados Unidos pero no tuvo suerte en los Atlanta Hawks, franquicia que lo descart\u00f3 a los pocos meses de llegar. El club de la capital ten\u00eda hasta las 23.59 de este viernes para igualar la oferta del Valencia Basket por el jugador y ejercer as\u00ed el derecho de tanteo sobre Ndiaye. A las 12.35 de este mediod\u00eda, <a href=\"https:\/\/www.acb.com\/es\/liga\/noticias\/ofertas-en-el-derecho-de-tanteo-145629\" target=\"_self\" rel=\"nofollow noopener\" title=\"https:\/\/www.acb.com\/es\/liga\/noticias\/ofertas-en-el-derecho-de-tanteo-145629\">la ACB ha anunciado que el equipo ahora dirigido por Pedro Mart\u00ednez hab\u00eda igualado la tentativa taronja<\/a> y que, por tanto, manten\u00eda los derechos del ala-p\u00edvot nacido en Senegal pero internacional con Espa\u00f1a.<\/p>\n<p><script async src=\"https:\/\/platform.twitter.com\/widgets.js\" charset=\"utf-8\"><\/script><\/p>\n","protected":false},"excerpt":{"rendered":"Vislumbrando un futuro cambiante, de inminente renovaci\u00f3n, el Real Madrid de baloncesto ha hecho una excepci\u00f3n este viernes&hellip;\n","protected":false},"author":2,"featured_media":675665,"comment_status":"","ping_status":"","sticky":false,"template":"","format":"standard","meta":{"footnotes":""},"categories":[269],"tags":[299,298,1540,168,25,24,833,6000,8283,665,122721,12326,10765,1692,23,167,122720],"class_list":["post-675664","post","type-post","status-publish","format-standard","has-post-thumbnail","category-baloncesto","tag-baloncesto","tag-basketball","tag-competiciones","tag-deportes","tag-es","tag-espana","tag-euroliga","tag-jaime-pradilla","tag-jugadores-baloncesto","tag-liga-endesa","tag-mikael-jantunen","tag-pedro-martinez","tag-real-madrid-baloncesto","tag-sergio-llull","tag-spain","tag-sports","tag-timothe-luwawu"],"share_on_mastodon":{"url":"https:\/\/pubeurope.com\/@es\/116978103524706619","error":""},"_links":{"self":[{"href":"https:\/\/www.europesays.com\/es\/wp-json\/wp\/v2\/posts\/675664","targetHints":{"allow":["GET"]}}],"collection":[{"href":"https:\/\/www.europesays.com\/es\/wp-json\/wp\/v2\/posts"}],"about":[{"href":"https:\/\/www.europesays.com\/es\/wp-json\/wp\/v2\/types\/post"}],"author":[{"embeddable":true,"href":"https:\/\/www.europesays.com\/es\/wp-json\/wp\/v2\/users\/2"}],"replies":[{"embeddable":true,"href":"https:\/\/www.europesays.com\/es\/wp-json\/wp\/v2\/comments?post=675664"}],"version-history":[{"count":0,"href":"https:\/\/www.europesays.com\/es\/wp-json\/wp\/v2\/posts\/675664\/revisions"}],"wp:featuredmedia":[{"embeddable":true,"href":"https:\/\/www.europesays.com\/es\/wp-json\/wp\/v2\/media\/675665"}],"wp:attachment":[{"href":"https:\/\/www.europesays.com\/es\/wp-json\/wp\/v2\/media?parent=675664"}],"wp:term":[{"taxonomy":"category","embeddable":true,"href":"https:\/\/www.europesays.com\/es\/wp-json\/wp\/v2\/categories?post=675664"},{"taxonomy":"post_tag","embeddable":true,"href":"https:\/\/www.europesays.com\/es\/wp-json\/wp\/v2\/tags?post=675664"}],"curies":[{"name":"wp","href":"https:\/\/api.w.org\/{rel}","templated":true}]}}