{"id":67599,"date":"2025-08-23T20:44:17","date_gmt":"2025-08-23T20:44:17","guid":{"rendered":"https:\/\/www.europesays.com\/es\/67599\/"},"modified":"2025-08-23T20:44:17","modified_gmt":"2025-08-23T20:44:17","slug":"superman-ya-es-la-primera-pelicula-de-superheroes-de-2025-en-superar-los-600-millones-de-dolares","status":"publish","type":"post","link":"https:\/\/www.europesays.com\/es\/67599\/","title":{"rendered":"&#8216;Superman&#8217; ya es la primera pel\u00edcula de superh\u00e9roes de 2025 en superar los 600 millones de d\u00f3lares"},"content":{"rendered":"<p>El relanzamiento del <a href=\"https:\/\/www.ecartelera.com\/sagas\/universo-extendido-dc\/\" rel=\"nofollow noopener\" target=\"_blank\">Universo DC<\/a> ha comenzado oficialmente con &#8216;<a href=\"https:\/\/www.ecartelera.com\/peliculas\/superman-legacy\/\" rel=\"nofollow noopener\" target=\"_blank\">Superman<\/a>&#8216;, la primera gran producci\u00f3n bajo la direcci\u00f3n creativa de <a href=\"https:\/\/www.ecartelera.com\/personas\/james-gunn\/\" rel=\"nofollow noopener\" target=\"_blank\">James Gunn<\/a> y <a href=\"https:\/\/www.ecartelera.com\/personas\/peter-safran\/\" rel=\"nofollow noopener\" target=\"_blank\">Peter Safran<\/a>. Tras varios intentos fallidos de consolidar un universo cohesionado, Warner Bros. Discovery apost\u00f3 por <b>reiniciar la franquicia con una visi\u00f3n renovada que busca devolver al ic\u00f3nico superh\u00e9roe al centro de la cultura popular<\/b>. La cinta se presentaba, por tanto, no solo como una pel\u00edcula m\u00e1s, sino como la piedra angular de la nueva etapa de la franquicia.<\/p>\n<p>Tr\u00e1iler espa\u00f1ol #2 &#8216;Superman&#8217;<\/p>\n<p><video id=\"vid-35296\" class=\"video-js vjs-default-skin\" data-title=\"Tr\u00e1iler espa\u00f1ol #2 'Superman'\" poster=\"https:\/\/www.ecartelera.com\/images\/videos\/35200\/f35296.jpg\" controls=\"\" preload=\"auto\" width=\"640\" height=\"360\" playsinline=\"\" data-vtt=\"\/\/v1.ecartelera.com\/video\/35200\/35296_sprite.vtt\" data-stream=\"1\">El navegador no soporta el tag de v\u00eddeo.<\/video><\/p>\n<p>X<\/p>\n<p>La pel\u00edcula &#8216;Superman&#8217; se ha convertido en <b>la primera cinta de superh\u00e9roes de 2025 en superar la barrera de los 600 millones de d\u00f3lares en la taquilla mundial<\/b>. El logro supone un impulso importante para Gunn y Safran, responsables de DC Studios, propiedad de Warner Bros., en un momento en que <b>la marca buscaba recuperar terreno tras a\u00f1os de tropiezos<\/b> en el universo cinematogr\u00e1fico de la compa\u00f1\u00eda. La direcci\u00f3n del filme tambi\u00e9n corri\u00f3 a cargo de Gunn, quien apost\u00f3 por un tono renovado para relanzar al ic\u00f3nico h\u00e9roe.<\/p>\n<p>La producci\u00f3n alcanzaba la cifra hist\u00f3rica durante la ma\u00f1ana del viernes 22 de agosto, despu\u00e9s de cerrar el jueves con 599,6 millones de d\u00f3lares acumulados en entradas, de los cuales <b>343,6 millones provinieron del mercado dom\u00e9stico y 256 millones de los mercados internacionales<\/b>. Con ello, se erige como la pel\u00edcula de superh\u00e9roes m\u00e1s taquillera del a\u00f1o hasta el momento, aunque el g\u00e9nero enfrenta signos de desgaste entre el p\u00fablico. En paralelo, &#8216;<a href=\"https:\/\/www.ecartelera.com\/peliculas\/f1\/\" rel=\"nofollow noopener\" target=\"_blank\">F1: La pel\u00edcula<\/a>&#8216;, estrenada por Apple Original Films en asociaci\u00f3n con Warner, tambi\u00e9n se prepara para cruzar los 600 millones de d\u00f3lares en taquilla global.<\/p>\n<p>\t\t\t\t\t\t\t<img decoding=\"async\" loading=\"lazy\" src=\"https:\/\/www.europesays.com\/es\/wp-content\/uploads\/2025\/08\/240871_superman.jpg\" alt=\"'Superman'\" width=\"1200\" height=\"665\"\/>\t<\/p>\n<p>\t\t\t\t\t\t&#8216;Superman&#8217; (Warner Bros. Pictures)<\/p>\n<p>Con un <b>presupuesto neto estimado en 225 millones de d\u00f3lares<\/b> antes de gastos de mercadotecnia, la cinta protagonizada por <a href=\"https:\/\/www.ecartelera.com\/personas\/david-corenswet\/\" rel=\"nofollow noopener\" target=\"_blank\">David Corenswet<\/a> representa la primera gran apuesta de Safran y Gunn al frente de DC Studios. La pel\u00edcula llega en un contexto donde Warner Bros. Discovery, bajo la direcci\u00f3n de David Zaslav, urg\u00eda un giro estrat\u00e9gico tras los fracasos de t\u00edtulos como &#8216;<a href=\"https:\/\/www.ecartelera.com\/peliculas\/flash\/\" rel=\"nofollow noopener\" target=\"_blank\">Flash<\/a>&#8216;, &#8216;<a href=\"https:\/\/www.ecartelera.com\/peliculas\/aquaman-2\/\" rel=\"nofollow noopener\" target=\"_blank\">Aquaman y el reino perdido<\/a>&#8216;, &#8216;<a href=\"https:\/\/www.ecartelera.com\/peliculas\/blue-beetle\/\" rel=\"nofollow noopener\" target=\"_blank\">Blue Beetle<\/a>&#8216; y &#8216;<a href=\"https:\/\/www.ecartelera.com\/peliculas\/shazam-2\/\" rel=\"nofollow noopener\" target=\"_blank\">\u00a1Shazam! La furia de los dioses<\/a>&#8216;.<\/p>\n<p>M\u00e1s que solo un dato<\/p>\n<p><b>El recibimiento de la cr\u00edtica y del p\u00fablico ha sido positivo<\/b>, lo que ha permitido al filme imponerse a su competidor directo, Marvel Studios. En contraste, los tres estrenos del <a href=\"https:\/\/www.ecartelera.com\/sagas\/universo-marvel\/\" rel=\"nofollow noopener\" target=\"_blank\">Universo Cinematogr\u00e1fico Marvel<\/a> en 2025 han quedado rezagados: &#8216;<a href=\"https:\/\/www.ecartelera.com\/peliculas\/los-4-fantasticos-marvel-studios\/\" rel=\"nofollow noopener\" target=\"_blank\">Los 4 Fant\u00e1sticos: Primeros pasos<\/a>&#8216; acumula 472,7 millones de d\u00f3lares, &#8216;<a href=\"https:\/\/www.ecartelera.com\/peliculas\/captain-america-new-world-order\/\" rel=\"nofollow noopener\" target=\"_blank\">Capit\u00e1n Am\u00e9rica: Brave New World<\/a>&#8216; lleg\u00f3 a 415 millones, y &#8216;<a href=\"https:\/\/www.ecartelera.com\/peliculas\/thunderbolts\/\" rel=\"nofollow noopener\" target=\"_blank\">Thunderbolts*<\/a>&#8216; suma 382,4 millones a nivel global.<\/p>\n<p>\t\t\t\t\t\t\t<img decoding=\"async\" loading=\"lazy\" src=\"https:\/\/www.europesays.com\/es\/wp-content\/uploads\/2025\/08\/240778_pedro-pascal-apoya-a-superman-en-instagram-y-rec.jpg\" alt=\"'Los 4 Fant\u00e1sticos: Primeros pasos'\" width=\"1200\" height=\"503\"\/>\t<\/p>\n<p>\t\t\t\t\t\t&#8216;Los 4 Fant\u00e1sticos: Primeros pasos&#8217; (Disney)<\/p>\n<p>El \u00e9xito de &#8216;Superman&#8217; <b>tiene un valor simb\u00f3lico para DC<\/b>, ya que es el primer t\u00edtulo de la compa\u00f1\u00eda en superar los 600 millones de d\u00f3lares desde &#8216;<a href=\"https:\/\/www.ecartelera.com\/peliculas\/the-batman\/\" rel=\"nofollow noopener\" target=\"_blank\">The Batman<\/a>&#8216; en 2022, que cerr\u00f3 con 772,5 millones sin pertenecer al DCU. En ese sentido, la \u00faltima cinta del antiguo universo que alcanz\u00f3 tal hito fue &#8216;<a href=\"https:\/\/www.ecartelera.com\/peliculas\/aquaman\/\" rel=\"nofollow noopener\" target=\"_blank\">Aquaman<\/a>&#8216; en 2018, con 1.148 millones en la taquilla mundial.<\/p>\n<p>En Norteam\u00e9rica, el nuevo filme de Gunn ya super\u00f3 a las \u00faltimas apariciones del personaje. &#8216;<a href=\"https:\/\/www.ecartelera.com\/peliculas\/batman-v-superman-el-amanecer-de-la-justicia\/\" rel=\"nofollow noopener\" target=\"_blank\">Batman v Superman: El amanecer de la Justicia<\/a>&#8216; (2016) recaud\u00f3 330,4 millones de d\u00f3lares en la regi\u00f3n, mientras que &#8216;<a href=\"https:\/\/www.ecartelera.com\/peliculas\/superman-man-of-steel\/\" rel=\"nofollow noopener\" target=\"_blank\">El Hombre de Acero<\/a>&#8216; (2013) lleg\u00f3 a 219 millones. A nivel internacional, sin embargo, el panorama es m\u00e1s complicado: las cifras actuales hacen poco probable que &#8216;Superman&#8217; iguale los 874,4 millones de la primera o los 668 millones totales de la segunda.<\/p>\n","protected":false},"excerpt":{"rendered":"El relanzamiento del Universo DC ha comenzado oficialmente con &#8216;Superman&#8216;, la primera gran producci\u00f3n bajo la direcci\u00f3n creativa&hellip;\n","protected":false},"author":2,"featured_media":67600,"comment_status":"","ping_status":"","sticky":false,"template":"","format":"standard","meta":{"footnotes":""},"categories":[169],"tags":[1014,1015,1013,177,1011,146,147,25,24,782,176,1019,1016,175,753,1012,23,1017,1018],"class_list":{"0":"post-67599","1":"post","2":"type-post","3":"status-publish","4":"format-standard","5":"has-post-thumbnail","7":"category-cine","8":"tag-actores","9":"tag-actrices","10":"tag-cartelera","11":"tag-cine","12":"tag-ecartelera","13":"tag-entertainment","14":"tag-entretenimiento","15":"tag-es","16":"tag-espana","17":"tag-estrellas","18":"tag-film","19":"tag-fotogramas","20":"tag-fotos","21":"tag-movies","22":"tag-peliculas","23":"tag-pelis","24":"tag-spain","25":"tag-trailers","26":"tag-videos"},"share_on_mastodon":{"url":"","error":""},"_links":{"self":[{"href":"https:\/\/www.europesays.com\/es\/wp-json\/wp\/v2\/posts\/67599","targetHints":{"allow":["GET"]}}],"collection":[{"href":"https:\/\/www.europesays.com\/es\/wp-json\/wp\/v2\/posts"}],"about":[{"href":"https:\/\/www.europesays.com\/es\/wp-json\/wp\/v2\/types\/post"}],"author":[{"embeddable":true,"href":"https:\/\/www.europesays.com\/es\/wp-json\/wp\/v2\/users\/2"}],"replies":[{"embeddable":true,"href":"https:\/\/www.europesays.com\/es\/wp-json\/wp\/v2\/comments?post=67599"}],"version-history":[{"count":0,"href":"https:\/\/www.europesays.com\/es\/wp-json\/wp\/v2\/posts\/67599\/revisions"}],"wp:featuredmedia":[{"embeddable":true,"href":"https:\/\/www.europesays.com\/es\/wp-json\/wp\/v2\/media\/67600"}],"wp:attachment":[{"href":"https:\/\/www.europesays.com\/es\/wp-json\/wp\/v2\/media?parent=67599"}],"wp:term":[{"taxonomy":"category","embeddable":true,"href":"https:\/\/www.europesays.com\/es\/wp-json\/wp\/v2\/categories?post=67599"},{"taxonomy":"post_tag","embeddable":true,"href":"https:\/\/www.europesays.com\/es\/wp-json\/wp\/v2\/tags?post=67599"}],"curies":[{"name":"wp","href":"https:\/\/api.w.org\/{rel}","templated":true}]}}